{"id":942,"date":"2026-03-14T13:35:58","date_gmt":"2026-03-14T12:35:58","guid":{"rendered":"http:\/\/www.lesnapolanaslawno.pl\/?p=942"},"modified":"2026-03-14T13:36:20","modified_gmt":"2026-03-14T12:36:20","slug":"komunikat-generalnego-dyrektora-ochrony-srodowiskakomunikat","status":"publish","type":"post","link":"http:\/\/www.lesnapolanaslawno.pl\/index.php\/2026\/03\/14\/komunikat-generalnego-dyrektora-ochrony-srodowiskakomunikat\/","title":{"rendered":"Komunikat Generalnego Dyrektora Ochrony \u015arodowiska"},"content":{"rendered":"\n<p>Link do pisma DZP-WG.600.20.2026.AS.MK Generalnego Dyrektora Ochrony \u015arodowiska z dnia 13 lutego 2026 r. dotycz\u0105ce zasad post\u0119powania w przypadku konieczno\u015bci u\u015bmiercenia zwierz\u0119cia obj\u0119tego ochron\u0105 gatunkow\u0105 w celu zako\u0144czenia jego cierpienia.&nbsp;<\/p>\n\n\n\n<p><a href=\"https:\/\/drive.google.com\/file\/d\/1SKIa6cIbdti9hqLx1LuY0Nq5lRWJANDA\/view?usp=sharing\">LINK<\/a><\/p>\n","protected":false},"excerpt":{"rendered":"<p>Link do pisma DZP-WG.600.20.2026.AS.MK Generalnego Dyrektora Ochrony \u015arodowiska z dnia 13 lutego 2026 r. dotycz\u0105ce zasad post\u0119powania w przypadku konieczno\u015bci u\u015bmiercenia zwierz\u0119cia obj\u0119tego ochron\u0105 gatunkow\u0105 w celu zako\u0144czenia jego cierpienia.&nbsp; LINK<\/p>\n","protected":false},"author":1,"featured_media":0,"comment_status":"open","ping_status":"open","sticky":false,"template":"","format":"standard","meta":[],"categories":[1],"tags":[],"yoast_head":"<!-- This site is optimized with the Yoast SEO plugin v17.1 - https:\/\/yoast.com\/wordpress\/plugins\/seo\/ -->\n<title>Komunikat Generalnego Dyrektora Ochrony \u015arodowiska - Ko\u0142o \u0141owieckie &quot;Le\u015bna Polana w S\u0142awnie&quot;<\/title>\n<meta name=\"robots\" content=\"index, follow, max-snippet:-1, max-image-preview:large, max-video-preview:-1\" \/>\n<link rel=\"canonical\" href=\"http:\/\/www.lesnapolanaslawno.pl\/index.php\/2026\/03\/14\/komunikat-generalnego-dyrektora-ochrony-srodowiskakomunikat\/\" \/>\n<meta property=\"og:locale\" content=\"pl_PL\" \/>\n<meta property=\"og:type\" content=\"article\" \/>\n<meta property=\"og:title\" content=\"Komunikat Generalnego Dyrektora Ochrony \u015arodowiska - Ko\u0142o \u0141owieckie &quot;Le\u015bna Polana w S\u0142awnie&quot;\" \/>\n<meta property=\"og:description\" content=\"Link do pisma DZP-WG.600.20.2026.AS.MK Generalnego Dyrektora Ochrony \u015arodowiska z dnia 13 lutego 2026 r. dotycz\u0105ce zasad post\u0119powania w przypadku konieczno\u015bci u\u015bmiercenia zwierz\u0119cia obj\u0119tego ochron\u0105 gatunkow\u0105 w celu zako\u0144czenia jego cierpienia.&nbsp; LINK\" \/>\n<meta property=\"og:url\" content=\"http:\/\/www.lesnapolanaslawno.pl\/index.php\/2026\/03\/14\/komunikat-generalnego-dyrektora-ochrony-srodowiskakomunikat\/\" \/>\n<meta property=\"og:site_name\" content=\"Ko\u0142o \u0141owieckie &quot;Le\u015bna Polana w S\u0142awnie&quot;\" \/>\n<meta property=\"article:published_time\" content=\"2026-03-14T12:35:58+00:00\" \/>\n<meta property=\"article:modified_time\" content=\"2026-03-14T12:36:20+00:00\" \/>\n<meta property=\"og:image\" content=\"http:\/\/www.lesnapolanaslawno.pl\/wp-content\/uploads\/2016\/11\/cropped-18_3-krzy\u017c-\u015bw.-Huberta.jpg\" \/>\n\t<meta property=\"og:image:width\" content=\"512\" \/>\n\t<meta property=\"og:image:height\" content=\"512\" \/>\n<meta name=\"twitter:card\" content=\"summary\" \/>\n<meta name=\"twitter:label1\" content=\"Napisane przez\" \/>\n\t<meta name=\"twitter:data1\" content=\"MarekW\" \/>\n<script type=\"application\/ld+json\" class=\"yoast-schema-graph\">{\"@context\":\"https:\/\/schema.org\",\"@graph\":[{\"@type\":\"WebSite\",\"@id\":\"http:\/\/www.lesnapolanaslawno.pl\/#website\",\"url\":\"http:\/\/www.lesnapolanaslawno.pl\/\",\"name\":\"Ko\\u0142o \\u0141owieckie &quot;Le\\u015bna Polana w S\\u0142awnie&quot;\",\"description\":\"Przybli\\u017camy tematyk\\u0119 \\u0142owieck\\u0105, informujemy cz\\u0142onk\\u00f3w ko\\u0142a o bie\\u017c\\u0105cych wydarzeniach.\",\"potentialAction\":[{\"@type\":\"SearchAction\",\"target\":{\"@type\":\"EntryPoint\",\"urlTemplate\":\"http:\/\/www.lesnapolanaslawno.pl\/?s={search_term_string}\"},\"query-input\":\"required name=search_term_string\"}],\"inLanguage\":\"pl-PL\"},{\"@type\":\"WebPage\",\"@id\":\"http:\/\/www.lesnapolanaslawno.pl\/index.php\/2026\/03\/14\/komunikat-generalnego-dyrektora-ochrony-srodowiskakomunikat\/#webpage\",\"url\":\"http:\/\/www.lesnapolanaslawno.pl\/index.php\/2026\/03\/14\/komunikat-generalnego-dyrektora-ochrony-srodowiskakomunikat\/\",\"name\":\"Komunikat Generalnego Dyrektora Ochrony \\u015arodowiska - Ko\\u0142o \\u0141owieckie &quot;Le\\u015bna Polana w S\\u0142awnie&quot;\",\"isPartOf\":{\"@id\":\"http:\/\/www.lesnapolanaslawno.pl\/#website\"},\"datePublished\":\"2026-03-14T12:35:58+00:00\",\"dateModified\":\"2026-03-14T12:36:20+00:00\",\"author\":{\"@id\":\"http:\/\/www.lesnapolanaslawno.pl\/#\/schema\/person\/781c6bed55c00e5f3f4be1e15b13529e\"},\"breadcrumb\":{\"@id\":\"http:\/\/www.lesnapolanaslawno.pl\/index.php\/2026\/03\/14\/komunikat-generalnego-dyrektora-ochrony-srodowiskakomunikat\/#breadcrumb\"},\"inLanguage\":\"pl-PL\",\"potentialAction\":[{\"@type\":\"ReadAction\",\"target\":[\"http:\/\/www.lesnapolanaslawno.pl\/index.php\/2026\/03\/14\/komunikat-generalnego-dyrektora-ochrony-srodowiskakomunikat\/\"]}]},{\"@type\":\"BreadcrumbList\",\"@id\":\"http:\/\/www.lesnapolanaslawno.pl\/index.php\/2026\/03\/14\/komunikat-generalnego-dyrektora-ochrony-srodowiskakomunikat\/#breadcrumb\",\"itemListElement\":[{\"@type\":\"ListItem\",\"position\":1,\"name\":\"Strona g\\u0142\\u00f3wna\",\"item\":\"http:\/\/www.lesnapolanaslawno.pl\/\"},{\"@type\":\"ListItem\",\"position\":2,\"name\":\"Komunikat Generalnego Dyrektora Ochrony \\u015arodowiska\"}]},{\"@type\":\"Person\",\"@id\":\"http:\/\/www.lesnapolanaslawno.pl\/#\/schema\/person\/781c6bed55c00e5f3f4be1e15b13529e\",\"name\":\"MarekW\",\"image\":{\"@type\":\"ImageObject\",\"@id\":\"http:\/\/www.lesnapolanaslawno.pl\/#personlogo\",\"inLanguage\":\"pl-PL\",\"url\":\"http:\/\/1.gravatar.com\/avatar\/a6283fef10522677d3949a6d1469d59b?s=96&d=mm&r=g\",\"contentUrl\":\"http:\/\/1.gravatar.com\/avatar\/a6283fef10522677d3949a6d1469d59b?s=96&d=mm&r=g\",\"caption\":\"MarekW\"}}]}<\/script>\n<!-- \/ Yoast SEO plugin. -->","yoast_head_json":{"title":"Komunikat Generalnego Dyrektora Ochrony \u015arodowiska - Ko\u0142o \u0141owieckie &quot;Le\u015bna Polana w S\u0142awnie&quot;","robots":{"index":"index","follow":"follow","max-snippet":"max-snippet:-1","max-image-preview":"max-image-preview:large","max-video-preview":"max-video-preview:-1"},"canonical":"http:\/\/www.lesnapolanaslawno.pl\/index.php\/2026\/03\/14\/komunikat-generalnego-dyrektora-ochrony-srodowiskakomunikat\/","og_locale":"pl_PL","og_type":"article","og_title":"Komunikat Generalnego Dyrektora Ochrony \u015arodowiska - Ko\u0142o \u0141owieckie &quot;Le\u015bna Polana w S\u0142awnie&quot;","og_description":"Link do pisma DZP-WG.600.20.2026.AS.MK Generalnego Dyrektora Ochrony \u015arodowiska z dnia 13 lutego 2026 r. dotycz\u0105ce zasad post\u0119powania w przypadku konieczno\u015bci u\u015bmiercenia zwierz\u0119cia obj\u0119tego ochron\u0105 gatunkow\u0105 w celu zako\u0144czenia jego cierpienia.&nbsp; LINK","og_url":"http:\/\/www.lesnapolanaslawno.pl\/index.php\/2026\/03\/14\/komunikat-generalnego-dyrektora-ochrony-srodowiskakomunikat\/","og_site_name":"Ko\u0142o \u0141owieckie &quot;Le\u015bna Polana w S\u0142awnie&quot;","article_published_time":"2026-03-14T12:35:58+00:00","article_modified_time":"2026-03-14T12:36:20+00:00","og_image":[{"width":512,"height":512,"url":"http:\/\/www.lesnapolanaslawno.pl\/wp-content\/uploads\/2016\/11\/cropped-18_3-krzy\u017c-\u015bw.-Huberta.jpg","path":"\/home\/lesnapolkj\/www\/wp-content\/uploads\/2016\/11\/cropped-18_3-krzy\u017c-\u015bw.-Huberta.jpg","size":"full","id":13,"alt":"","pixels":262144,"type":"image\/jpeg"}],"twitter_card":"summary","twitter_misc":{"Napisane przez":"MarekW"},"schema":{"@context":"https:\/\/schema.org","@graph":[{"@type":"WebSite","@id":"http:\/\/www.lesnapolanaslawno.pl\/#website","url":"http:\/\/www.lesnapolanaslawno.pl\/","name":"Ko\u0142o \u0141owieckie &quot;Le\u015bna Polana w S\u0142awnie&quot;","description":"Przybli\u017camy tematyk\u0119 \u0142owieck\u0105, informujemy cz\u0142onk\u00f3w ko\u0142a o bie\u017c\u0105cych wydarzeniach.","potentialAction":[{"@type":"SearchAction","target":{"@type":"EntryPoint","urlTemplate":"http:\/\/www.lesnapolanaslawno.pl\/?s={search_term_string}"},"query-input":"required name=search_term_string"}],"inLanguage":"pl-PL"},{"@type":"WebPage","@id":"http:\/\/www.lesnapolanaslawno.pl\/index.php\/2026\/03\/14\/komunikat-generalnego-dyrektora-ochrony-srodowiskakomunikat\/#webpage","url":"http:\/\/www.lesnapolanaslawno.pl\/index.php\/2026\/03\/14\/komunikat-generalnego-dyrektora-ochrony-srodowiskakomunikat\/","name":"Komunikat Generalnego Dyrektora Ochrony \u015arodowiska - Ko\u0142o \u0141owieckie &quot;Le\u015bna Polana w S\u0142awnie&quot;","isPartOf":{"@id":"http:\/\/www.lesnapolanaslawno.pl\/#website"},"datePublished":"2026-03-14T12:35:58+00:00","dateModified":"2026-03-14T12:36:20+00:00","author":{"@id":"http:\/\/www.lesnapolanaslawno.pl\/#\/schema\/person\/781c6bed55c00e5f3f4be1e15b13529e"},"breadcrumb":{"@id":"http:\/\/www.lesnapolanaslawno.pl\/index.php\/2026\/03\/14\/komunikat-generalnego-dyrektora-ochrony-srodowiskakomunikat\/#breadcrumb"},"inLanguage":"pl-PL","potentialAction":[{"@type":"ReadAction","target":["http:\/\/www.lesnapolanaslawno.pl\/index.php\/2026\/03\/14\/komunikat-generalnego-dyrektora-ochrony-srodowiskakomunikat\/"]}]},{"@type":"BreadcrumbList","@id":"http:\/\/www.lesnapolanaslawno.pl\/index.php\/2026\/03\/14\/komunikat-generalnego-dyrektora-ochrony-srodowiskakomunikat\/#breadcrumb","itemListElement":[{"@type":"ListItem","position":1,"name":"Strona g\u0142\u00f3wna","item":"http:\/\/www.lesnapolanaslawno.pl\/"},{"@type":"ListItem","position":2,"name":"Komunikat Generalnego Dyrektora Ochrony \u015arodowiska"}]},{"@type":"Person","@id":"http:\/\/www.lesnapolanaslawno.pl\/#\/schema\/person\/781c6bed55c00e5f3f4be1e15b13529e","name":"MarekW","image":{"@type":"ImageObject","@id":"http:\/\/www.lesnapolanaslawno.pl\/#personlogo","inLanguage":"pl-PL","url":"http:\/\/1.gravatar.com\/avatar\/a6283fef10522677d3949a6d1469d59b?s=96&d=mm&r=g","contentUrl":"http:\/\/1.gravatar.com\/avatar\/a6283fef10522677d3949a6d1469d59b?s=96&d=mm&r=g","caption":"MarekW"}}]}},"amp_enabled":true,"_links":{"self":[{"href":"http:\/\/www.lesnapolanaslawno.pl\/index.php\/wp-json\/wp\/v2\/posts\/942"}],"collection":[{"href":"http:\/\/www.lesnapolanaslawno.pl\/index.php\/wp-json\/wp\/v2\/posts"}],"about":[{"href":"http:\/\/www.lesnapolanaslawno.pl\/index.php\/wp-json\/wp\/v2\/types\/post"}],"author":[{"embeddable":true,"href":"http:\/\/www.lesnapolanaslawno.pl\/index.php\/wp-json\/wp\/v2\/users\/1"}],"replies":[{"embeddable":true,"href":"http:\/\/www.lesnapolanaslawno.pl\/index.php\/wp-json\/wp\/v2\/comments?post=942"}],"version-history":[{"count":2,"href":"http:\/\/www.lesnapolanaslawno.pl\/index.php\/wp-json\/wp\/v2\/posts\/942\/revisions"}],"predecessor-version":[{"id":944,"href":"http:\/\/www.lesnapolanaslawno.pl\/index.php\/wp-json\/wp\/v2\/posts\/942\/revisions\/944"}],"wp:attachment":[{"href":"http:\/\/www.lesnapolanaslawno.pl\/index.php\/wp-json\/wp\/v2\/media?parent=942"}],"wp:term":[{"taxonomy":"category","embeddable":true,"href":"http:\/\/www.lesnapolanaslawno.pl\/index.php\/wp-json\/wp\/v2\/categories?post=942"},{"taxonomy":"post_tag","embeddable":true,"href":"http:\/\/www.lesnapolanaslawno.pl\/index.php\/wp-json\/wp\/v2\/tags?post=942"}],"curies":[{"name":"wp","href":"https:\/\/api.w.org\/{rel}","templated":true}]}}