{"id":925,"date":"2025-12-04T12:55:00","date_gmt":"2025-12-04T11:55:00","guid":{"rendered":"http:\/\/www.lesnapolanaslawno.pl\/?p=925"},"modified":"2026-03-14T12:56:59","modified_gmt":"2026-03-14T11:56:59","slug":"nowy-czlonek-kola","status":"publish","type":"post","link":"http:\/\/www.lesnapolanaslawno.pl\/index.php\/2025\/12\/04\/nowy-czlonek-kola\/","title":{"rendered":"Nowy\u00a0Cz\u0142onek Ko\u0142a"},"content":{"rendered":"\n<p>Kole\u017canki i Koledzy ,<\/p>\n\n\n\n<p>Zarz\u0105d Ko\u0142a informuje , i\u017c na posiedzeniu Zarz\u0105du dnia 28.11.2025r.\u00a0 w szeregi Naszego Ko\u0142a zosta\u0142 przyj\u0119ty nowy\u00a0cz\u0142onek  &#8211; Kol. Mateusz Zawarty. <\/p>\n\n\n\n<p>Darz &#8211; B\u00f3r\u00a0 \u00a0 \u00a0<\/p>\n","protected":false},"excerpt":{"rendered":"<p>Kole\u017canki i Koledzy , Zarz\u0105d Ko\u0142a informuje , i\u017c na posiedzeniu Zarz\u0105du dnia 28.11.2025r.\u00a0 w szeregi Naszego Ko\u0142a zosta\u0142 przyj\u0119ty nowy\u00a0cz\u0142onek &#8211; Kol. Mateusz Zawarty. Darz &#8211; B\u00f3r\u00a0 \u00a0 \u00a0<\/p>\n","protected":false},"author":1,"featured_media":0,"comment_status":"open","ping_status":"open","sticky":false,"template":"","format":"standard","meta":[],"categories":[1],"tags":[],"yoast_head":"<!-- This site is optimized with the Yoast SEO plugin v17.1 - https:\/\/yoast.com\/wordpress\/plugins\/seo\/ -->\n<title>Nowy\u00a0Cz\u0142onek Ko\u0142a - Ko\u0142o \u0141owieckie &quot;Le\u015bna Polana w S\u0142awnie&quot;<\/title>\n<meta name=\"robots\" content=\"index, follow, max-snippet:-1, max-image-preview:large, max-video-preview:-1\" \/>\n<link rel=\"canonical\" href=\"http:\/\/www.lesnapolanaslawno.pl\/index.php\/2025\/12\/04\/nowy-czlonek-kola\/\" \/>\n<meta property=\"og:locale\" content=\"pl_PL\" \/>\n<meta property=\"og:type\" content=\"article\" \/>\n<meta property=\"og:title\" content=\"Nowy\u00a0Cz\u0142onek Ko\u0142a - Ko\u0142o \u0141owieckie &quot;Le\u015bna Polana w S\u0142awnie&quot;\" \/>\n<meta property=\"og:description\" content=\"Kole\u017canki i Koledzy , Zarz\u0105d Ko\u0142a informuje , i\u017c na posiedzeniu Zarz\u0105du dnia 28.11.2025r.\u00a0 w szeregi Naszego Ko\u0142a zosta\u0142 przyj\u0119ty nowy\u00a0cz\u0142onek &#8211; Kol. Mateusz Zawarty. Darz &#8211; B\u00f3r\u00a0 \u00a0 \u00a0\" \/>\n<meta property=\"og:url\" content=\"http:\/\/www.lesnapolanaslawno.pl\/index.php\/2025\/12\/04\/nowy-czlonek-kola\/\" \/>\n<meta property=\"og:site_name\" content=\"Ko\u0142o \u0141owieckie &quot;Le\u015bna Polana w S\u0142awnie&quot;\" \/>\n<meta property=\"article:published_time\" content=\"2025-12-04T11:55:00+00:00\" \/>\n<meta property=\"article:modified_time\" content=\"2026-03-14T11:56:59+00:00\" \/>\n<meta property=\"og:image\" content=\"http:\/\/www.lesnapolanaslawno.pl\/wp-content\/uploads\/2016\/11\/cropped-18_3-krzy\u017c-\u015bw.-Huberta.jpg\" \/>\n\t<meta property=\"og:image:width\" content=\"512\" \/>\n\t<meta property=\"og:image:height\" content=\"512\" \/>\n<meta name=\"twitter:card\" content=\"summary\" \/>\n<meta name=\"twitter:label1\" content=\"Napisane przez\" \/>\n\t<meta name=\"twitter:data1\" content=\"MarekW\" \/>\n<script type=\"application\/ld+json\" class=\"yoast-schema-graph\">{\"@context\":\"https:\/\/schema.org\",\"@graph\":[{\"@type\":\"WebSite\",\"@id\":\"http:\/\/www.lesnapolanaslawno.pl\/#website\",\"url\":\"http:\/\/www.lesnapolanaslawno.pl\/\",\"name\":\"Ko\\u0142o \\u0141owieckie &quot;Le\\u015bna Polana w S\\u0142awnie&quot;\",\"description\":\"Przybli\\u017camy tematyk\\u0119 \\u0142owieck\\u0105, informujemy cz\\u0142onk\\u00f3w ko\\u0142a o bie\\u017c\\u0105cych wydarzeniach.\",\"potentialAction\":[{\"@type\":\"SearchAction\",\"target\":{\"@type\":\"EntryPoint\",\"urlTemplate\":\"http:\/\/www.lesnapolanaslawno.pl\/?s={search_term_string}\"},\"query-input\":\"required name=search_term_string\"}],\"inLanguage\":\"pl-PL\"},{\"@type\":\"WebPage\",\"@id\":\"http:\/\/www.lesnapolanaslawno.pl\/index.php\/2025\/12\/04\/nowy-czlonek-kola\/#webpage\",\"url\":\"http:\/\/www.lesnapolanaslawno.pl\/index.php\/2025\/12\/04\/nowy-czlonek-kola\/\",\"name\":\"Nowy\\u00a0Cz\\u0142onek Ko\\u0142a - Ko\\u0142o \\u0141owieckie &quot;Le\\u015bna Polana w S\\u0142awnie&quot;\",\"isPartOf\":{\"@id\":\"http:\/\/www.lesnapolanaslawno.pl\/#website\"},\"datePublished\":\"2025-12-04T11:55:00+00:00\",\"dateModified\":\"2026-03-14T11:56:59+00:00\",\"author\":{\"@id\":\"http:\/\/www.lesnapolanaslawno.pl\/#\/schema\/person\/781c6bed55c00e5f3f4be1e15b13529e\"},\"breadcrumb\":{\"@id\":\"http:\/\/www.lesnapolanaslawno.pl\/index.php\/2025\/12\/04\/nowy-czlonek-kola\/#breadcrumb\"},\"inLanguage\":\"pl-PL\",\"potentialAction\":[{\"@type\":\"ReadAction\",\"target\":[\"http:\/\/www.lesnapolanaslawno.pl\/index.php\/2025\/12\/04\/nowy-czlonek-kola\/\"]}]},{\"@type\":\"BreadcrumbList\",\"@id\":\"http:\/\/www.lesnapolanaslawno.pl\/index.php\/2025\/12\/04\/nowy-czlonek-kola\/#breadcrumb\",\"itemListElement\":[{\"@type\":\"ListItem\",\"position\":1,\"name\":\"Strona g\\u0142\\u00f3wna\",\"item\":\"http:\/\/www.lesnapolanaslawno.pl\/\"},{\"@type\":\"ListItem\",\"position\":2,\"name\":\"Nowy\\u00a0Cz\\u0142onek Ko\\u0142a\"}]},{\"@type\":\"Person\",\"@id\":\"http:\/\/www.lesnapolanaslawno.pl\/#\/schema\/person\/781c6bed55c00e5f3f4be1e15b13529e\",\"name\":\"MarekW\",\"image\":{\"@type\":\"ImageObject\",\"@id\":\"http:\/\/www.lesnapolanaslawno.pl\/#personlogo\",\"inLanguage\":\"pl-PL\",\"url\":\"http:\/\/1.gravatar.com\/avatar\/a6283fef10522677d3949a6d1469d59b?s=96&d=mm&r=g\",\"contentUrl\":\"http:\/\/1.gravatar.com\/avatar\/a6283fef10522677d3949a6d1469d59b?s=96&d=mm&r=g\",\"caption\":\"MarekW\"}}]}<\/script>\n<!-- \/ Yoast SEO plugin. -->","yoast_head_json":{"title":"Nowy\u00a0Cz\u0142onek Ko\u0142a - Ko\u0142o \u0141owieckie &quot;Le\u015bna Polana w S\u0142awnie&quot;","robots":{"index":"index","follow":"follow","max-snippet":"max-snippet:-1","max-image-preview":"max-image-preview:large","max-video-preview":"max-video-preview:-1"},"canonical":"http:\/\/www.lesnapolanaslawno.pl\/index.php\/2025\/12\/04\/nowy-czlonek-kola\/","og_locale":"pl_PL","og_type":"article","og_title":"Nowy\u00a0Cz\u0142onek Ko\u0142a - Ko\u0142o \u0141owieckie &quot;Le\u015bna Polana w S\u0142awnie&quot;","og_description":"Kole\u017canki i Koledzy , Zarz\u0105d Ko\u0142a informuje , i\u017c na posiedzeniu Zarz\u0105du dnia 28.11.2025r.\u00a0 w szeregi Naszego Ko\u0142a zosta\u0142 przyj\u0119ty nowy\u00a0cz\u0142onek &#8211; Kol. Mateusz Zawarty. Darz &#8211; B\u00f3r\u00a0 \u00a0 \u00a0","og_url":"http:\/\/www.lesnapolanaslawno.pl\/index.php\/2025\/12\/04\/nowy-czlonek-kola\/","og_site_name":"Ko\u0142o \u0141owieckie &quot;Le\u015bna Polana w S\u0142awnie&quot;","article_published_time":"2025-12-04T11:55:00+00:00","article_modified_time":"2026-03-14T11:56:59+00:00","og_image":[{"width":512,"height":512,"url":"http:\/\/www.lesnapolanaslawno.pl\/wp-content\/uploads\/2016\/11\/cropped-18_3-krzy\u017c-\u015bw.-Huberta.jpg","path":"\/home\/lesnapolkj\/www\/wp-content\/uploads\/2016\/11\/cropped-18_3-krzy\u017c-\u015bw.-Huberta.jpg","size":"full","id":13,"alt":"","pixels":262144,"type":"image\/jpeg"}],"twitter_card":"summary","twitter_misc":{"Napisane przez":"MarekW"},"schema":{"@context":"https:\/\/schema.org","@graph":[{"@type":"WebSite","@id":"http:\/\/www.lesnapolanaslawno.pl\/#website","url":"http:\/\/www.lesnapolanaslawno.pl\/","name":"Ko\u0142o \u0141owieckie &quot;Le\u015bna Polana w S\u0142awnie&quot;","description":"Przybli\u017camy tematyk\u0119 \u0142owieck\u0105, informujemy cz\u0142onk\u00f3w ko\u0142a o bie\u017c\u0105cych wydarzeniach.","potentialAction":[{"@type":"SearchAction","target":{"@type":"EntryPoint","urlTemplate":"http:\/\/www.lesnapolanaslawno.pl\/?s={search_term_string}"},"query-input":"required name=search_term_string"}],"inLanguage":"pl-PL"},{"@type":"WebPage","@id":"http:\/\/www.lesnapolanaslawno.pl\/index.php\/2025\/12\/04\/nowy-czlonek-kola\/#webpage","url":"http:\/\/www.lesnapolanaslawno.pl\/index.php\/2025\/12\/04\/nowy-czlonek-kola\/","name":"Nowy\u00a0Cz\u0142onek Ko\u0142a - Ko\u0142o \u0141owieckie &quot;Le\u015bna Polana w S\u0142awnie&quot;","isPartOf":{"@id":"http:\/\/www.lesnapolanaslawno.pl\/#website"},"datePublished":"2025-12-04T11:55:00+00:00","dateModified":"2026-03-14T11:56:59+00:00","author":{"@id":"http:\/\/www.lesnapolanaslawno.pl\/#\/schema\/person\/781c6bed55c00e5f3f4be1e15b13529e"},"breadcrumb":{"@id":"http:\/\/www.lesnapolanaslawno.pl\/index.php\/2025\/12\/04\/nowy-czlonek-kola\/#breadcrumb"},"inLanguage":"pl-PL","potentialAction":[{"@type":"ReadAction","target":["http:\/\/www.lesnapolanaslawno.pl\/index.php\/2025\/12\/04\/nowy-czlonek-kola\/"]}]},{"@type":"BreadcrumbList","@id":"http:\/\/www.lesnapolanaslawno.pl\/index.php\/2025\/12\/04\/nowy-czlonek-kola\/#breadcrumb","itemListElement":[{"@type":"ListItem","position":1,"name":"Strona g\u0142\u00f3wna","item":"http:\/\/www.lesnapolanaslawno.pl\/"},{"@type":"ListItem","position":2,"name":"Nowy\u00a0Cz\u0142onek Ko\u0142a"}]},{"@type":"Person","@id":"http:\/\/www.lesnapolanaslawno.pl\/#\/schema\/person\/781c6bed55c00e5f3f4be1e15b13529e","name":"MarekW","image":{"@type":"ImageObject","@id":"http:\/\/www.lesnapolanaslawno.pl\/#personlogo","inLanguage":"pl-PL","url":"http:\/\/1.gravatar.com\/avatar\/a6283fef10522677d3949a6d1469d59b?s=96&d=mm&r=g","contentUrl":"http:\/\/1.gravatar.com\/avatar\/a6283fef10522677d3949a6d1469d59b?s=96&d=mm&r=g","caption":"MarekW"}}]}},"amp_enabled":true,"_links":{"self":[{"href":"http:\/\/www.lesnapolanaslawno.pl\/index.php\/wp-json\/wp\/v2\/posts\/925"}],"collection":[{"href":"http:\/\/www.lesnapolanaslawno.pl\/index.php\/wp-json\/wp\/v2\/posts"}],"about":[{"href":"http:\/\/www.lesnapolanaslawno.pl\/index.php\/wp-json\/wp\/v2\/types\/post"}],"author":[{"embeddable":true,"href":"http:\/\/www.lesnapolanaslawno.pl\/index.php\/wp-json\/wp\/v2\/users\/1"}],"replies":[{"embeddable":true,"href":"http:\/\/www.lesnapolanaslawno.pl\/index.php\/wp-json\/wp\/v2\/comments?post=925"}],"version-history":[{"count":1,"href":"http:\/\/www.lesnapolanaslawno.pl\/index.php\/wp-json\/wp\/v2\/posts\/925\/revisions"}],"predecessor-version":[{"id":926,"href":"http:\/\/www.lesnapolanaslawno.pl\/index.php\/wp-json\/wp\/v2\/posts\/925\/revisions\/926"}],"wp:attachment":[{"href":"http:\/\/www.lesnapolanaslawno.pl\/index.php\/wp-json\/wp\/v2\/media?parent=925"}],"wp:term":[{"taxonomy":"category","embeddable":true,"href":"http:\/\/www.lesnapolanaslawno.pl\/index.php\/wp-json\/wp\/v2\/categories?post=925"},{"taxonomy":"post_tag","embeddable":true,"href":"http:\/\/www.lesnapolanaslawno.pl\/index.php\/wp-json\/wp\/v2\/tags?post=925"}],"curies":[{"name":"wp","href":"https:\/\/api.w.org\/{rel}","templated":true}]}}