{"id":923,"date":"2026-02-11T12:53:50","date_gmt":"2026-02-11T11:53:50","guid":{"rendered":"http:\/\/www.lesnapolanaslawno.pl\/?p=923"},"modified":"2026-03-14T12:54:39","modified_gmt":"2026-03-14T11:54:39","slug":"system-kol-lowieckich-pzl-2-0","status":"publish","type":"post","link":"http:\/\/www.lesnapolanaslawno.pl\/index.php\/2026\/02\/11\/system-kol-lowieckich-pzl-2-0\/","title":{"rendered":"System K\u00f3\u0142 \u0141owieckich PZ\u0141 2.0."},"content":{"rendered":"\n<p>Informujemy, \u017ce w sklepach Google Play oraz App Store dost\u0119pna jest aplikacja mobilna <strong>System K\u00f3\u0142 \u0141owieckich PZ\u0141 2.0<\/strong>.<\/p>\n\n\n\n<p>Aplikacja umo\u017cliwia wygodny dost\u0119p do funkcjonalno\u015bci systemu bezpo\u015brednio z poziomu telefonu kom\u00f3rkowego, w tym m.in.:<\/p>\n\n\n\n<ul>\n<li>prowadzenie ewidencji polowa\u0144,<\/li>\n\n\n\n<li>dost\u0119p do informacji dotycz\u0105cych dzia\u0142alno\u015bci ko\u0142a,<\/li>\n\n\n\n<li>odbieranie bie\u017c\u0105cych komunikat\u00f3w.<\/li>\n<\/ul>\n\n\n\n<p>Aplikacj\u0119 mo\u017cna pobra\u0107 z nast\u0119puj\u0105cych \u017ar\u00f3de\u0142:<\/p>\n\n\n\n<ul>\n<li><strong>Google Play<\/strong>:<br><a href=\"https:\/\/play.google.com\/store\/apps\/details?id=com.smallgis.pzl&amp;hl=pl\" target=\"_blank\" rel=\"noreferrer noopener\">https:\/\/play.google.com\/store\/apps\/details?id=com.smallgis.pzl&amp;hl=pl<\/a><\/li>\n\n\n\n<li><strong>App Store<\/strong>:<br><a href=\"https:\/\/apps.apple.com\/pl\/app\/system-k%C3%B3%C5%82-%C5%82owieckich-pz%C5%82-2-0\/id6758509746?l=pl\" target=\"_blank\" rel=\"noreferrer noopener\">https:\/\/apps.apple.com\/pl\/app\/system-k%C3%B3%C5%82-%C5%82owieckich-pz%C5%82-2-0\/id6758509746?l=pl<\/a><\/li>\n<\/ul>\n\n\n\n<p>Zach\u0119cam do instalacji aplikacji przed uruchomieniem systemu oraz do dokonania pierwszego logowania po jego w\u0142\u0105czeniu.<\/p>\n\n\n\n<p>Jednocze\u015bnie informuj\u0119, \u017ce w celu usprawnienia dzia\u0142ania systemu uruchomiony zosta\u0142 dedykowany adres kontaktowy do zg\u0142aszania problem\u00f3w technicznych, b\u0142\u0119d\u00f3w oraz sugestii dotycz\u0105cych dalszego rozwoju systemu:<\/p>\n\n\n\n<p><br><a href=\"mailto:serwis_systemkl@pzlow.pl\" target=\"_blank\" rel=\"noreferrer noopener\"><strong>serwis_systemkl@pzlow.pl<\/strong><\/a><\/p>\n\n\n\n<p>Prosz\u0119 o mo\u017cliwie szczeg\u00f3\u0142owe opisy zg\u0142osze\u0144, w szczeg\u00f3lno\u015bci o wskazanie ko\u0142a \u0142owieckiego, rodzaju urz\u0105dzenia oraz \u2013 je\u017celi to mo\u017cliwe \u2013 do\u0142\u0105czenie zrzut\u00f3w ekranu. Umo\u017cliwi to szybsz\u0105 analiz\u0119 i reakcj\u0119 zespo\u0142u informatycznego.<\/p>\n","protected":false},"excerpt":{"rendered":"<p>Informujemy, \u017ce w sklepach Google Play oraz App Store dost\u0119pna jest aplikacja mobilna System K\u00f3\u0142 \u0141owieckich PZ\u0141 2.0. Aplikacja umo\u017cliwia wygodny dost\u0119p do funkcjonalno\u015bci systemu bezpo\u015brednio z poziomu telefonu kom\u00f3rkowego, w tym m.in.: Aplikacj\u0119 mo\u017cna pobra\u0107 z nast\u0119puj\u0105cych \u017ar\u00f3de\u0142: Zach\u0119cam do instalacji aplikacji przed uruchomieniem systemu oraz do dokonania pierwszego logowania po jego w\u0142\u0105czeniu. Jednocze\u015bnie [&hellip;]<\/p>\n","protected":false},"author":1,"featured_media":0,"comment_status":"open","ping_status":"open","sticky":false,"template":"","format":"standard","meta":[],"categories":[1],"tags":[],"yoast_head":"<!-- This site is optimized with the Yoast SEO plugin v17.1 - https:\/\/yoast.com\/wordpress\/plugins\/seo\/ -->\n<title>System K\u00f3\u0142 \u0141owieckich PZ\u0141 2.0. - Ko\u0142o \u0141owieckie &quot;Le\u015bna Polana w S\u0142awnie&quot;<\/title>\n<meta name=\"robots\" content=\"index, follow, max-snippet:-1, max-image-preview:large, max-video-preview:-1\" \/>\n<link rel=\"canonical\" href=\"http:\/\/www.lesnapolanaslawno.pl\/index.php\/2026\/02\/11\/system-kol-lowieckich-pzl-2-0\/\" \/>\n<meta property=\"og:locale\" content=\"pl_PL\" \/>\n<meta property=\"og:type\" content=\"article\" \/>\n<meta property=\"og:title\" content=\"System K\u00f3\u0142 \u0141owieckich PZ\u0141 2.0. - Ko\u0142o \u0141owieckie &quot;Le\u015bna Polana w S\u0142awnie&quot;\" \/>\n<meta property=\"og:description\" content=\"Informujemy, \u017ce w sklepach Google Play oraz App Store dost\u0119pna jest aplikacja mobilna System K\u00f3\u0142 \u0141owieckich PZ\u0141 2.0. Aplikacja umo\u017cliwia wygodny dost\u0119p do funkcjonalno\u015bci systemu bezpo\u015brednio z poziomu telefonu kom\u00f3rkowego, w tym m.in.: Aplikacj\u0119 mo\u017cna pobra\u0107 z nast\u0119puj\u0105cych \u017ar\u00f3de\u0142: Zach\u0119cam do instalacji aplikacji przed uruchomieniem systemu oraz do dokonania pierwszego logowania po jego w\u0142\u0105czeniu. Jednocze\u015bnie [&hellip;]\" \/>\n<meta property=\"og:url\" content=\"http:\/\/www.lesnapolanaslawno.pl\/index.php\/2026\/02\/11\/system-kol-lowieckich-pzl-2-0\/\" \/>\n<meta property=\"og:site_name\" content=\"Ko\u0142o \u0141owieckie &quot;Le\u015bna Polana w S\u0142awnie&quot;\" \/>\n<meta property=\"article:published_time\" content=\"2026-02-11T11:53:50+00:00\" \/>\n<meta property=\"article:modified_time\" content=\"2026-03-14T11:54:39+00:00\" \/>\n<meta property=\"og:image\" content=\"http:\/\/www.lesnapolanaslawno.pl\/wp-content\/uploads\/2016\/11\/cropped-18_3-krzy\u017c-\u015bw.-Huberta.jpg\" \/>\n\t<meta property=\"og:image:width\" content=\"512\" \/>\n\t<meta property=\"og:image:height\" content=\"512\" \/>\n<meta name=\"twitter:card\" content=\"summary\" \/>\n<meta name=\"twitter:label1\" content=\"Napisane przez\" \/>\n\t<meta name=\"twitter:data1\" content=\"MarekW\" \/>\n\t<meta name=\"twitter:label2\" content=\"Szacowany czas czytania\" \/>\n\t<meta name=\"twitter:data2\" content=\"1 minuta\" \/>\n<script type=\"application\/ld+json\" class=\"yoast-schema-graph\">{\"@context\":\"https:\/\/schema.org\",\"@graph\":[{\"@type\":\"WebSite\",\"@id\":\"http:\/\/www.lesnapolanaslawno.pl\/#website\",\"url\":\"http:\/\/www.lesnapolanaslawno.pl\/\",\"name\":\"Ko\\u0142o \\u0141owieckie &quot;Le\\u015bna Polana w S\\u0142awnie&quot;\",\"description\":\"Przybli\\u017camy tematyk\\u0119 \\u0142owieck\\u0105, informujemy cz\\u0142onk\\u00f3w ko\\u0142a o bie\\u017c\\u0105cych wydarzeniach.\",\"potentialAction\":[{\"@type\":\"SearchAction\",\"target\":{\"@type\":\"EntryPoint\",\"urlTemplate\":\"http:\/\/www.lesnapolanaslawno.pl\/?s={search_term_string}\"},\"query-input\":\"required name=search_term_string\"}],\"inLanguage\":\"pl-PL\"},{\"@type\":\"WebPage\",\"@id\":\"http:\/\/www.lesnapolanaslawno.pl\/index.php\/2026\/02\/11\/system-kol-lowieckich-pzl-2-0\/#webpage\",\"url\":\"http:\/\/www.lesnapolanaslawno.pl\/index.php\/2026\/02\/11\/system-kol-lowieckich-pzl-2-0\/\",\"name\":\"System K\\u00f3\\u0142 \\u0141owieckich PZ\\u0141 2.0. - Ko\\u0142o \\u0141owieckie &quot;Le\\u015bna Polana w S\\u0142awnie&quot;\",\"isPartOf\":{\"@id\":\"http:\/\/www.lesnapolanaslawno.pl\/#website\"},\"datePublished\":\"2026-02-11T11:53:50+00:00\",\"dateModified\":\"2026-03-14T11:54:39+00:00\",\"author\":{\"@id\":\"http:\/\/www.lesnapolanaslawno.pl\/#\/schema\/person\/781c6bed55c00e5f3f4be1e15b13529e\"},\"breadcrumb\":{\"@id\":\"http:\/\/www.lesnapolanaslawno.pl\/index.php\/2026\/02\/11\/system-kol-lowieckich-pzl-2-0\/#breadcrumb\"},\"inLanguage\":\"pl-PL\",\"potentialAction\":[{\"@type\":\"ReadAction\",\"target\":[\"http:\/\/www.lesnapolanaslawno.pl\/index.php\/2026\/02\/11\/system-kol-lowieckich-pzl-2-0\/\"]}]},{\"@type\":\"BreadcrumbList\",\"@id\":\"http:\/\/www.lesnapolanaslawno.pl\/index.php\/2026\/02\/11\/system-kol-lowieckich-pzl-2-0\/#breadcrumb\",\"itemListElement\":[{\"@type\":\"ListItem\",\"position\":1,\"name\":\"Strona g\\u0142\\u00f3wna\",\"item\":\"http:\/\/www.lesnapolanaslawno.pl\/\"},{\"@type\":\"ListItem\",\"position\":2,\"name\":\"System K\\u00f3\\u0142 \\u0141owieckich PZ\\u0141 2.0.\"}]},{\"@type\":\"Person\",\"@id\":\"http:\/\/www.lesnapolanaslawno.pl\/#\/schema\/person\/781c6bed55c00e5f3f4be1e15b13529e\",\"name\":\"MarekW\",\"image\":{\"@type\":\"ImageObject\",\"@id\":\"http:\/\/www.lesnapolanaslawno.pl\/#personlogo\",\"inLanguage\":\"pl-PL\",\"url\":\"http:\/\/1.gravatar.com\/avatar\/a6283fef10522677d3949a6d1469d59b?s=96&d=mm&r=g\",\"contentUrl\":\"http:\/\/1.gravatar.com\/avatar\/a6283fef10522677d3949a6d1469d59b?s=96&d=mm&r=g\",\"caption\":\"MarekW\"}}]}<\/script>\n<!-- \/ Yoast SEO plugin. -->","yoast_head_json":{"title":"System K\u00f3\u0142 \u0141owieckich PZ\u0141 2.0. - Ko\u0142o \u0141owieckie &quot;Le\u015bna Polana w S\u0142awnie&quot;","robots":{"index":"index","follow":"follow","max-snippet":"max-snippet:-1","max-image-preview":"max-image-preview:large","max-video-preview":"max-video-preview:-1"},"canonical":"http:\/\/www.lesnapolanaslawno.pl\/index.php\/2026\/02\/11\/system-kol-lowieckich-pzl-2-0\/","og_locale":"pl_PL","og_type":"article","og_title":"System K\u00f3\u0142 \u0141owieckich PZ\u0141 2.0. - Ko\u0142o \u0141owieckie &quot;Le\u015bna Polana w S\u0142awnie&quot;","og_description":"Informujemy, \u017ce w sklepach Google Play oraz App Store dost\u0119pna jest aplikacja mobilna System K\u00f3\u0142 \u0141owieckich PZ\u0141 2.0. Aplikacja umo\u017cliwia wygodny dost\u0119p do funkcjonalno\u015bci systemu bezpo\u015brednio z poziomu telefonu kom\u00f3rkowego, w tym m.in.: Aplikacj\u0119 mo\u017cna pobra\u0107 z nast\u0119puj\u0105cych \u017ar\u00f3de\u0142: Zach\u0119cam do instalacji aplikacji przed uruchomieniem systemu oraz do dokonania pierwszego logowania po jego w\u0142\u0105czeniu. Jednocze\u015bnie [&hellip;]","og_url":"http:\/\/www.lesnapolanaslawno.pl\/index.php\/2026\/02\/11\/system-kol-lowieckich-pzl-2-0\/","og_site_name":"Ko\u0142o \u0141owieckie &quot;Le\u015bna Polana w S\u0142awnie&quot;","article_published_time":"2026-02-11T11:53:50+00:00","article_modified_time":"2026-03-14T11:54:39+00:00","og_image":[{"width":512,"height":512,"url":"http:\/\/www.lesnapolanaslawno.pl\/wp-content\/uploads\/2016\/11\/cropped-18_3-krzy\u017c-\u015bw.-Huberta.jpg","path":"\/home\/lesnapolkj\/www\/wp-content\/uploads\/2016\/11\/cropped-18_3-krzy\u017c-\u015bw.-Huberta.jpg","size":"full","id":13,"alt":"","pixels":262144,"type":"image\/jpeg"}],"twitter_card":"summary","twitter_misc":{"Napisane przez":"MarekW","Szacowany czas czytania":"1 minuta"},"schema":{"@context":"https:\/\/schema.org","@graph":[{"@type":"WebSite","@id":"http:\/\/www.lesnapolanaslawno.pl\/#website","url":"http:\/\/www.lesnapolanaslawno.pl\/","name":"Ko\u0142o \u0141owieckie &quot;Le\u015bna Polana w S\u0142awnie&quot;","description":"Przybli\u017camy tematyk\u0119 \u0142owieck\u0105, informujemy cz\u0142onk\u00f3w ko\u0142a o bie\u017c\u0105cych wydarzeniach.","potentialAction":[{"@type":"SearchAction","target":{"@type":"EntryPoint","urlTemplate":"http:\/\/www.lesnapolanaslawno.pl\/?s={search_term_string}"},"query-input":"required name=search_term_string"}],"inLanguage":"pl-PL"},{"@type":"WebPage","@id":"http:\/\/www.lesnapolanaslawno.pl\/index.php\/2026\/02\/11\/system-kol-lowieckich-pzl-2-0\/#webpage","url":"http:\/\/www.lesnapolanaslawno.pl\/index.php\/2026\/02\/11\/system-kol-lowieckich-pzl-2-0\/","name":"System K\u00f3\u0142 \u0141owieckich PZ\u0141 2.0. - Ko\u0142o \u0141owieckie &quot;Le\u015bna Polana w S\u0142awnie&quot;","isPartOf":{"@id":"http:\/\/www.lesnapolanaslawno.pl\/#website"},"datePublished":"2026-02-11T11:53:50+00:00","dateModified":"2026-03-14T11:54:39+00:00","author":{"@id":"http:\/\/www.lesnapolanaslawno.pl\/#\/schema\/person\/781c6bed55c00e5f3f4be1e15b13529e"},"breadcrumb":{"@id":"http:\/\/www.lesnapolanaslawno.pl\/index.php\/2026\/02\/11\/system-kol-lowieckich-pzl-2-0\/#breadcrumb"},"inLanguage":"pl-PL","potentialAction":[{"@type":"ReadAction","target":["http:\/\/www.lesnapolanaslawno.pl\/index.php\/2026\/02\/11\/system-kol-lowieckich-pzl-2-0\/"]}]},{"@type":"BreadcrumbList","@id":"http:\/\/www.lesnapolanaslawno.pl\/index.php\/2026\/02\/11\/system-kol-lowieckich-pzl-2-0\/#breadcrumb","itemListElement":[{"@type":"ListItem","position":1,"name":"Strona g\u0142\u00f3wna","item":"http:\/\/www.lesnapolanaslawno.pl\/"},{"@type":"ListItem","position":2,"name":"System K\u00f3\u0142 \u0141owieckich PZ\u0141 2.0."}]},{"@type":"Person","@id":"http:\/\/www.lesnapolanaslawno.pl\/#\/schema\/person\/781c6bed55c00e5f3f4be1e15b13529e","name":"MarekW","image":{"@type":"ImageObject","@id":"http:\/\/www.lesnapolanaslawno.pl\/#personlogo","inLanguage":"pl-PL","url":"http:\/\/1.gravatar.com\/avatar\/a6283fef10522677d3949a6d1469d59b?s=96&d=mm&r=g","contentUrl":"http:\/\/1.gravatar.com\/avatar\/a6283fef10522677d3949a6d1469d59b?s=96&d=mm&r=g","caption":"MarekW"}}]}},"amp_enabled":true,"_links":{"self":[{"href":"http:\/\/www.lesnapolanaslawno.pl\/index.php\/wp-json\/wp\/v2\/posts\/923"}],"collection":[{"href":"http:\/\/www.lesnapolanaslawno.pl\/index.php\/wp-json\/wp\/v2\/posts"}],"about":[{"href":"http:\/\/www.lesnapolanaslawno.pl\/index.php\/wp-json\/wp\/v2\/types\/post"}],"author":[{"embeddable":true,"href":"http:\/\/www.lesnapolanaslawno.pl\/index.php\/wp-json\/wp\/v2\/users\/1"}],"replies":[{"embeddable":true,"href":"http:\/\/www.lesnapolanaslawno.pl\/index.php\/wp-json\/wp\/v2\/comments?post=923"}],"version-history":[{"count":1,"href":"http:\/\/www.lesnapolanaslawno.pl\/index.php\/wp-json\/wp\/v2\/posts\/923\/revisions"}],"predecessor-version":[{"id":924,"href":"http:\/\/www.lesnapolanaslawno.pl\/index.php\/wp-json\/wp\/v2\/posts\/923\/revisions\/924"}],"wp:attachment":[{"href":"http:\/\/www.lesnapolanaslawno.pl\/index.php\/wp-json\/wp\/v2\/media?parent=923"}],"wp:term":[{"taxonomy":"category","embeddable":true,"href":"http:\/\/www.lesnapolanaslawno.pl\/index.php\/wp-json\/wp\/v2\/categories?post=923"},{"taxonomy":"post_tag","embeddable":true,"href":"http:\/\/www.lesnapolanaslawno.pl\/index.php\/wp-json\/wp\/v2\/tags?post=923"}],"curies":[{"name":"wp","href":"https:\/\/api.w.org\/{rel}","templated":true}]}}