{"id":622,"date":"2019-05-21T11:23:14","date_gmt":"2019-05-21T09:23:14","guid":{"rendered":"http:\/\/www.lesnapolanaslawno.pl\/?p=622"},"modified":"2019-07-02T10:33:41","modified_gmt":"2019-07-02T08:33:41","slug":"walne-zgromadzenie-czlonkow-kola-9-czerwca-2019-roku","status":"publish","type":"post","link":"http:\/\/www.lesnapolanaslawno.pl\/index.php\/2019\/05\/21\/walne-zgromadzenie-czlonkow-kola-9-czerwca-2019-roku\/","title":{"rendered":"Walne Zgromadzenie Cz\u0142onk\u00f3w Ko\u0142a \u2013 9 czerwca 2019 roku"},"content":{"rendered":"\n<p>Zarz\u0105d Ko\u0142a \u0141owieckiego &#8222;Le\u015bna Polana&#8221; w S\u0142awnie zwo\u0142uje zgodnie z paragrafem 40 Statutu PZ\u0141 zwyczajne Walne Zgromadzenie Cz\u0142onk\u00f3w Ko\u0142a w dniu 9 czerwca 2019 roku na godzin\u0119 9:00 w siedzibie Ko\u0142a w Tychowie.<\/p>\n\n\n\n<p>Dokumenty dost\u0119pne w zak\u0142adce dla Cz\u0142onk\u00f3w Ko\u0142a &#8211; <span style=\"text-decoration: underline;\"><a href=\"http:\/\/www.lesnapolanaslawno.pl\/index.php\/dla-czlonkow-kola\/walne-zgromadzenia\/\">LINK<\/a><\/span><\/p>\n\n\n\n<p>Relacja zdj\u0119ciowa &#8211; zobacz <span style=\"text-decoration: underline;\"><a href=\"http:\/\/www.lesnapolanaslawno.pl\/index.php\/rok-2019\/\">TUTAJ<\/a><\/span><\/p>\n","protected":false},"excerpt":{"rendered":"<p>Zarz\u0105d Ko\u0142a \u0141owieckiego &#8222;Le\u015bna Polana&#8221; w S\u0142awnie zwo\u0142uje zgodnie z paragrafem 40 Statutu PZ\u0141 zwyczajne Walne Zgromadzenie Cz\u0142onk\u00f3w Ko\u0142a w dniu 9 czerwca 2019 roku na godzin\u0119 9:00 w siedzibie Ko\u0142a w Tychowie. Dokumenty dost\u0119pne w zak\u0142adce dla Cz\u0142onk\u00f3w Ko\u0142a &#8211; LINK Relacja zdj\u0119ciowa &#8211; zobacz TUTAJ<\/p>\n","protected":false},"author":1,"featured_media":299,"comment_status":"open","ping_status":"open","sticky":false,"template":"","format":"standard","meta":[],"categories":[1],"tags":[],"yoast_head":"<!-- This site is optimized with the Yoast SEO plugin v17.1 - https:\/\/yoast.com\/wordpress\/plugins\/seo\/ -->\n<title>Walne Zgromadzenie Cz\u0142onk\u00f3w Ko\u0142a \u2013 9 czerwca 2019 roku - Ko\u0142o \u0141owieckie &quot;Le\u015bna Polana w S\u0142awnie&quot;<\/title>\n<meta name=\"robots\" content=\"index, follow, max-snippet:-1, max-image-preview:large, max-video-preview:-1\" \/>\n<link rel=\"canonical\" href=\"https:\/\/www.lesnapolanaslawno.pl\/index.php\/2019\/05\/21\/walne-zgromadzenie-czlonkow-kola-9-czerwca-2019-roku\/\" \/>\n<meta property=\"og:locale\" content=\"pl_PL\" \/>\n<meta property=\"og:type\" content=\"article\" \/>\n<meta property=\"og:title\" content=\"Walne Zgromadzenie Cz\u0142onk\u00f3w Ko\u0142a \u2013 9 czerwca 2019 roku - Ko\u0142o \u0141owieckie &quot;Le\u015bna Polana w S\u0142awnie&quot;\" \/>\n<meta property=\"og:description\" content=\"Zarz\u0105d Ko\u0142a \u0141owieckiego &#8222;Le\u015bna Polana&#8221; w S\u0142awnie zwo\u0142uje zgodnie z paragrafem 40 Statutu PZ\u0141 zwyczajne Walne Zgromadzenie Cz\u0142onk\u00f3w Ko\u0142a w dniu 9 czerwca 2019 roku na godzin\u0119 9:00 w siedzibie Ko\u0142a w Tychowie. Dokumenty dost\u0119pne w zak\u0142adce dla Cz\u0142onk\u00f3w Ko\u0142a &#8211; LINK Relacja zdj\u0119ciowa &#8211; zobacz TUTAJ\" \/>\n<meta property=\"og:url\" content=\"https:\/\/www.lesnapolanaslawno.pl\/index.php\/2019\/05\/21\/walne-zgromadzenie-czlonkow-kola-9-czerwca-2019-roku\/\" \/>\n<meta property=\"og:site_name\" content=\"Ko\u0142o \u0141owieckie &quot;Le\u015bna Polana w S\u0142awnie&quot;\" \/>\n<meta property=\"article:published_time\" content=\"2019-05-21T09:23:14+00:00\" \/>\n<meta property=\"article:modified_time\" content=\"2019-07-02T08:33:41+00:00\" \/>\n<meta property=\"og:image\" content=\"http:\/\/www.lesnapolanaslawno.pl\/wp-content\/uploads\/2016\/12\/Walne-08-06-2014-36.jpg\" \/>\n\t<meta property=\"og:image:width\" content=\"3791\" \/>\n\t<meta property=\"og:image:height\" content=\"1728\" \/>\n<meta name=\"twitter:card\" content=\"summary\" \/>\n<meta name=\"twitter:label1\" content=\"Napisane przez\" \/>\n\t<meta name=\"twitter:data1\" content=\"MarekW\" \/>\n<script type=\"application\/ld+json\" class=\"yoast-schema-graph\">{\"@context\":\"https:\/\/schema.org\",\"@graph\":[{\"@type\":\"WebSite\",\"@id\":\"https:\/\/www.lesnapolanaslawno.pl\/#website\",\"url\":\"https:\/\/www.lesnapolanaslawno.pl\/\",\"name\":\"Ko\\u0142o \\u0141owieckie &quot;Le\\u015bna Polana w S\\u0142awnie&quot;\",\"description\":\"Przybli\\u017camy tematyk\\u0119 \\u0142owieck\\u0105, informujemy cz\\u0142onk\\u00f3w ko\\u0142a o bie\\u017c\\u0105cych wydarzeniach.\",\"potentialAction\":[{\"@type\":\"SearchAction\",\"target\":{\"@type\":\"EntryPoint\",\"urlTemplate\":\"https:\/\/www.lesnapolanaslawno.pl\/?s={search_term_string}\"},\"query-input\":\"required name=search_term_string\"}],\"inLanguage\":\"pl-PL\"},{\"@type\":\"ImageObject\",\"@id\":\"https:\/\/www.lesnapolanaslawno.pl\/index.php\/2019\/05\/21\/walne-zgromadzenie-czlonkow-kola-9-czerwca-2019-roku\/#primaryimage\",\"inLanguage\":\"pl-PL\",\"url\":\"http:\/\/www.lesnapolanaslawno.pl\/wp-content\/uploads\/2016\/12\/Walne-08-06-2014-36.jpg\",\"contentUrl\":\"http:\/\/www.lesnapolanaslawno.pl\/wp-content\/uploads\/2016\/12\/Walne-08-06-2014-36.jpg\",\"width\":3791,\"height\":1728,\"caption\":\"SONY DSC\"},{\"@type\":\"WebPage\",\"@id\":\"https:\/\/www.lesnapolanaslawno.pl\/index.php\/2019\/05\/21\/walne-zgromadzenie-czlonkow-kola-9-czerwca-2019-roku\/#webpage\",\"url\":\"https:\/\/www.lesnapolanaslawno.pl\/index.php\/2019\/05\/21\/walne-zgromadzenie-czlonkow-kola-9-czerwca-2019-roku\/\",\"name\":\"Walne Zgromadzenie Cz\\u0142onk\\u00f3w Ko\\u0142a \\u2013 9 czerwca 2019 roku - Ko\\u0142o \\u0141owieckie &quot;Le\\u015bna Polana w S\\u0142awnie&quot;\",\"isPartOf\":{\"@id\":\"https:\/\/www.lesnapolanaslawno.pl\/#website\"},\"primaryImageOfPage\":{\"@id\":\"https:\/\/www.lesnapolanaslawno.pl\/index.php\/2019\/05\/21\/walne-zgromadzenie-czlonkow-kola-9-czerwca-2019-roku\/#primaryimage\"},\"datePublished\":\"2019-05-21T09:23:14+00:00\",\"dateModified\":\"2019-07-02T08:33:41+00:00\",\"author\":{\"@id\":\"https:\/\/www.lesnapolanaslawno.pl\/#\/schema\/person\/781c6bed55c00e5f3f4be1e15b13529e\"},\"breadcrumb\":{\"@id\":\"https:\/\/www.lesnapolanaslawno.pl\/index.php\/2019\/05\/21\/walne-zgromadzenie-czlonkow-kola-9-czerwca-2019-roku\/#breadcrumb\"},\"inLanguage\":\"pl-PL\",\"potentialAction\":[{\"@type\":\"ReadAction\",\"target\":[\"https:\/\/www.lesnapolanaslawno.pl\/index.php\/2019\/05\/21\/walne-zgromadzenie-czlonkow-kola-9-czerwca-2019-roku\/\"]}]},{\"@type\":\"BreadcrumbList\",\"@id\":\"https:\/\/www.lesnapolanaslawno.pl\/index.php\/2019\/05\/21\/walne-zgromadzenie-czlonkow-kola-9-czerwca-2019-roku\/#breadcrumb\",\"itemListElement\":[{\"@type\":\"ListItem\",\"position\":1,\"name\":\"Strona g\\u0142\\u00f3wna\",\"item\":\"https:\/\/www.lesnapolanaslawno.pl\/\"},{\"@type\":\"ListItem\",\"position\":2,\"name\":\"Walne Zgromadzenie Cz\\u0142onk\\u00f3w Ko\\u0142a \\u2013 9 czerwca 2019 roku\"}]},{\"@type\":\"Person\",\"@id\":\"https:\/\/www.lesnapolanaslawno.pl\/#\/schema\/person\/781c6bed55c00e5f3f4be1e15b13529e\",\"name\":\"MarekW\",\"image\":{\"@type\":\"ImageObject\",\"@id\":\"https:\/\/www.lesnapolanaslawno.pl\/#personlogo\",\"inLanguage\":\"pl-PL\",\"url\":\"http:\/\/1.gravatar.com\/avatar\/a6283fef10522677d3949a6d1469d59b?s=96&d=mm&r=g\",\"contentUrl\":\"http:\/\/1.gravatar.com\/avatar\/a6283fef10522677d3949a6d1469d59b?s=96&d=mm&r=g\",\"caption\":\"MarekW\"}}]}<\/script>\n<!-- \/ Yoast SEO plugin. -->","yoast_head_json":{"title":"Walne Zgromadzenie Cz\u0142onk\u00f3w Ko\u0142a \u2013 9 czerwca 2019 roku - Ko\u0142o \u0141owieckie &quot;Le\u015bna Polana w S\u0142awnie&quot;","robots":{"index":"index","follow":"follow","max-snippet":"max-snippet:-1","max-image-preview":"max-image-preview:large","max-video-preview":"max-video-preview:-1"},"canonical":"https:\/\/www.lesnapolanaslawno.pl\/index.php\/2019\/05\/21\/walne-zgromadzenie-czlonkow-kola-9-czerwca-2019-roku\/","og_locale":"pl_PL","og_type":"article","og_title":"Walne Zgromadzenie Cz\u0142onk\u00f3w Ko\u0142a \u2013 9 czerwca 2019 roku - Ko\u0142o \u0141owieckie &quot;Le\u015bna Polana w S\u0142awnie&quot;","og_description":"Zarz\u0105d Ko\u0142a \u0141owieckiego &#8222;Le\u015bna Polana&#8221; w S\u0142awnie zwo\u0142uje zgodnie z paragrafem 40 Statutu PZ\u0141 zwyczajne Walne Zgromadzenie Cz\u0142onk\u00f3w Ko\u0142a w dniu 9 czerwca 2019 roku na godzin\u0119 9:00 w siedzibie Ko\u0142a w Tychowie. Dokumenty dost\u0119pne w zak\u0142adce dla Cz\u0142onk\u00f3w Ko\u0142a &#8211; LINK Relacja zdj\u0119ciowa &#8211; zobacz TUTAJ","og_url":"https:\/\/www.lesnapolanaslawno.pl\/index.php\/2019\/05\/21\/walne-zgromadzenie-czlonkow-kola-9-czerwca-2019-roku\/","og_site_name":"Ko\u0142o \u0141owieckie &quot;Le\u015bna Polana w S\u0142awnie&quot;","article_published_time":"2019-05-21T09:23:14+00:00","article_modified_time":"2019-07-02T08:33:41+00:00","og_image":[{"width":3791,"height":1728,"url":"http:\/\/www.lesnapolanaslawno.pl\/wp-content\/uploads\/2016\/12\/Walne-08-06-2014-36.jpg","path":"\/home\/lesnapolkj\/www\/wp-content\/uploads\/2016\/12\/Walne-08-06-2014-36.jpg","size":"full","id":299,"alt":"PZ\u0141 Walne Le\u015bna Polana S\u0142awno","pixels":6550848,"type":"image\/jpeg"}],"twitter_card":"summary","twitter_misc":{"Napisane przez":"MarekW"},"schema":{"@context":"https:\/\/schema.org","@graph":[{"@type":"WebSite","@id":"https:\/\/www.lesnapolanaslawno.pl\/#website","url":"https:\/\/www.lesnapolanaslawno.pl\/","name":"Ko\u0142o \u0141owieckie &quot;Le\u015bna Polana w S\u0142awnie&quot;","description":"Przybli\u017camy tematyk\u0119 \u0142owieck\u0105, informujemy cz\u0142onk\u00f3w ko\u0142a o bie\u017c\u0105cych wydarzeniach.","potentialAction":[{"@type":"SearchAction","target":{"@type":"EntryPoint","urlTemplate":"https:\/\/www.lesnapolanaslawno.pl\/?s={search_term_string}"},"query-input":"required name=search_term_string"}],"inLanguage":"pl-PL"},{"@type":"ImageObject","@id":"https:\/\/www.lesnapolanaslawno.pl\/index.php\/2019\/05\/21\/walne-zgromadzenie-czlonkow-kola-9-czerwca-2019-roku\/#primaryimage","inLanguage":"pl-PL","url":"http:\/\/www.lesnapolanaslawno.pl\/wp-content\/uploads\/2016\/12\/Walne-08-06-2014-36.jpg","contentUrl":"http:\/\/www.lesnapolanaslawno.pl\/wp-content\/uploads\/2016\/12\/Walne-08-06-2014-36.jpg","width":3791,"height":1728,"caption":"SONY DSC"},{"@type":"WebPage","@id":"https:\/\/www.lesnapolanaslawno.pl\/index.php\/2019\/05\/21\/walne-zgromadzenie-czlonkow-kola-9-czerwca-2019-roku\/#webpage","url":"https:\/\/www.lesnapolanaslawno.pl\/index.php\/2019\/05\/21\/walne-zgromadzenie-czlonkow-kola-9-czerwca-2019-roku\/","name":"Walne Zgromadzenie Cz\u0142onk\u00f3w Ko\u0142a \u2013 9 czerwca 2019 roku - Ko\u0142o \u0141owieckie &quot;Le\u015bna Polana w S\u0142awnie&quot;","isPartOf":{"@id":"https:\/\/www.lesnapolanaslawno.pl\/#website"},"primaryImageOfPage":{"@id":"https:\/\/www.lesnapolanaslawno.pl\/index.php\/2019\/05\/21\/walne-zgromadzenie-czlonkow-kola-9-czerwca-2019-roku\/#primaryimage"},"datePublished":"2019-05-21T09:23:14+00:00","dateModified":"2019-07-02T08:33:41+00:00","author":{"@id":"https:\/\/www.lesnapolanaslawno.pl\/#\/schema\/person\/781c6bed55c00e5f3f4be1e15b13529e"},"breadcrumb":{"@id":"https:\/\/www.lesnapolanaslawno.pl\/index.php\/2019\/05\/21\/walne-zgromadzenie-czlonkow-kola-9-czerwca-2019-roku\/#breadcrumb"},"inLanguage":"pl-PL","potentialAction":[{"@type":"ReadAction","target":["https:\/\/www.lesnapolanaslawno.pl\/index.php\/2019\/05\/21\/walne-zgromadzenie-czlonkow-kola-9-czerwca-2019-roku\/"]}]},{"@type":"BreadcrumbList","@id":"https:\/\/www.lesnapolanaslawno.pl\/index.php\/2019\/05\/21\/walne-zgromadzenie-czlonkow-kola-9-czerwca-2019-roku\/#breadcrumb","itemListElement":[{"@type":"ListItem","position":1,"name":"Strona g\u0142\u00f3wna","item":"https:\/\/www.lesnapolanaslawno.pl\/"},{"@type":"ListItem","position":2,"name":"Walne Zgromadzenie Cz\u0142onk\u00f3w Ko\u0142a \u2013 9 czerwca 2019 roku"}]},{"@type":"Person","@id":"https:\/\/www.lesnapolanaslawno.pl\/#\/schema\/person\/781c6bed55c00e5f3f4be1e15b13529e","name":"MarekW","image":{"@type":"ImageObject","@id":"https:\/\/www.lesnapolanaslawno.pl\/#personlogo","inLanguage":"pl-PL","url":"http:\/\/1.gravatar.com\/avatar\/a6283fef10522677d3949a6d1469d59b?s=96&d=mm&r=g","contentUrl":"http:\/\/1.gravatar.com\/avatar\/a6283fef10522677d3949a6d1469d59b?s=96&d=mm&r=g","caption":"MarekW"}}]}},"amp_enabled":true,"_links":{"self":[{"href":"http:\/\/www.lesnapolanaslawno.pl\/index.php\/wp-json\/wp\/v2\/posts\/622"}],"collection":[{"href":"http:\/\/www.lesnapolanaslawno.pl\/index.php\/wp-json\/wp\/v2\/posts"}],"about":[{"href":"http:\/\/www.lesnapolanaslawno.pl\/index.php\/wp-json\/wp\/v2\/types\/post"}],"author":[{"embeddable":true,"href":"http:\/\/www.lesnapolanaslawno.pl\/index.php\/wp-json\/wp\/v2\/users\/1"}],"replies":[{"embeddable":true,"href":"http:\/\/www.lesnapolanaslawno.pl\/index.php\/wp-json\/wp\/v2\/comments?post=622"}],"version-history":[{"count":4,"href":"http:\/\/www.lesnapolanaslawno.pl\/index.php\/wp-json\/wp\/v2\/posts\/622\/revisions"}],"predecessor-version":[{"id":652,"href":"http:\/\/www.lesnapolanaslawno.pl\/index.php\/wp-json\/wp\/v2\/posts\/622\/revisions\/652"}],"wp:featuredmedia":[{"embeddable":true,"href":"http:\/\/www.lesnapolanaslawno.pl\/index.php\/wp-json\/wp\/v2\/media\/299"}],"wp:attachment":[{"href":"http:\/\/www.lesnapolanaslawno.pl\/index.php\/wp-json\/wp\/v2\/media?parent=622"}],"wp:term":[{"taxonomy":"category","embeddable":true,"href":"http:\/\/www.lesnapolanaslawno.pl\/index.php\/wp-json\/wp\/v2\/categories?post=622"},{"taxonomy":"post_tag","embeddable":true,"href":"http:\/\/www.lesnapolanaslawno.pl\/index.php\/wp-json\/wp\/v2\/tags?post=622"}],"curies":[{"name":"wp","href":"https:\/\/api.w.org\/{rel}","templated":true}]}}