{"id":599,"date":"2019-01-09T19:35:16","date_gmt":"2019-01-09T18:35:16","guid":{"rendered":"http:\/\/www.lesnapolanaslawno.pl\/?p=599"},"modified":"2019-01-10T18:09:43","modified_gmt":"2019-01-10T17:09:43","slug":"dodatkowy-plan-polowan-w-sezonie-lowieckim-2018-2019-kola-lowieckiego-lesna-polana-w-slawnie","status":"publish","type":"post","link":"http:\/\/www.lesnapolanaslawno.pl\/index.php\/2019\/01\/09\/dodatkowy-plan-polowan-w-sezonie-lowieckim-2018-2019-kola-lowieckiego-lesna-polana-w-slawnie\/","title":{"rendered":"Anulowane!!!    DODATKOWY PLAN POLOWA\u0143 W SEZONIE \u0141OWIECKIM 2018\/2019 KO\u0141A \u0141OWIECKIEGO \u201eLE\u015aNA POLANA\u201d W S\u0141AWNIE"},"content":{"rendered":"\n<p><\/p>\n\n\n\n<p>Polowania zbiorowe na dziki w ramach obowi\u0105zku redukcji populacji &#8222;ASF&#8221; zosta\u0142y na szcz\u0119\u015bcie odwo\u0142ane.<\/p>\n","protected":false},"excerpt":{"rendered":"<p>Polowania zbiorowe na dziki w ramach obowi\u0105zku redukcji populacji &#8222;ASF&#8221; zosta\u0142y na szcz\u0119\u015bcie odwo\u0142ane.<\/p>\n","protected":false},"author":1,"featured_media":251,"comment_status":"open","ping_status":"open","sticky":false,"template":"","format":"standard","meta":[],"categories":[1],"tags":[],"yoast_head":"<!-- This site is optimized with the Yoast SEO plugin v17.1 - https:\/\/yoast.com\/wordpress\/plugins\/seo\/ -->\n<title>Anulowane!!!  DODATKOWY PLAN POLOWA\u0143 W SEZONIE \u0141OWIECKIM 2018\/2019 KO\u0141A \u0141OWIECKIEGO \u201eLE\u015aNA POLANA\u201d W S\u0141AWNIE - Ko\u0142o \u0141owieckie &quot;Le\u015bna Polana w S\u0142awnie&quot;<\/title>\n<meta name=\"robots\" content=\"index, follow, max-snippet:-1, max-image-preview:large, max-video-preview:-1\" \/>\n<link rel=\"canonical\" href=\"http:\/\/www.lesnapolanaslawno.pl\/index.php\/2019\/01\/09\/dodatkowy-plan-polowan-w-sezonie-lowieckim-2018-2019-kola-lowieckiego-lesna-polana-w-slawnie\/\" \/>\n<meta property=\"og:locale\" content=\"pl_PL\" \/>\n<meta property=\"og:type\" content=\"article\" \/>\n<meta property=\"og:title\" content=\"Anulowane!!!  DODATKOWY PLAN POLOWA\u0143 W SEZONIE \u0141OWIECKIM 2018\/2019 KO\u0141A \u0141OWIECKIEGO \u201eLE\u015aNA POLANA\u201d W S\u0141AWNIE - Ko\u0142o \u0141owieckie &quot;Le\u015bna Polana w S\u0142awnie&quot;\" \/>\n<meta property=\"og:description\" content=\"Polowania zbiorowe na dziki w ramach obowi\u0105zku redukcji populacji &#8222;ASF&#8221; zosta\u0142y na szcz\u0119\u015bcie odwo\u0142ane.\" \/>\n<meta property=\"og:url\" content=\"http:\/\/www.lesnapolanaslawno.pl\/index.php\/2019\/01\/09\/dodatkowy-plan-polowan-w-sezonie-lowieckim-2018-2019-kola-lowieckiego-lesna-polana-w-slawnie\/\" \/>\n<meta property=\"og:site_name\" content=\"Ko\u0142o \u0141owieckie &quot;Le\u015bna Polana w S\u0142awnie&quot;\" \/>\n<meta property=\"article:published_time\" content=\"2019-01-09T18:35:16+00:00\" \/>\n<meta property=\"article:modified_time\" content=\"2019-01-10T17:09:43+00:00\" \/>\n<meta property=\"og:image\" content=\"http:\/\/www.lesnapolanaslawno.pl\/wp-content\/uploads\/2016\/12\/dziki.jpg\" \/>\n\t<meta property=\"og:image:width\" content=\"800\" \/>\n\t<meta property=\"og:image:height\" content=\"432\" \/>\n<meta name=\"twitter:card\" content=\"summary\" \/>\n<meta name=\"twitter:label1\" content=\"Napisane przez\" \/>\n\t<meta name=\"twitter:data1\" content=\"MarekW\" \/>\n<script type=\"application\/ld+json\" class=\"yoast-schema-graph\">{\"@context\":\"https:\/\/schema.org\",\"@graph\":[{\"@type\":\"WebSite\",\"@id\":\"https:\/\/www.lesnapolanaslawno.pl\/#website\",\"url\":\"https:\/\/www.lesnapolanaslawno.pl\/\",\"name\":\"Ko\\u0142o \\u0141owieckie &quot;Le\\u015bna Polana w S\\u0142awnie&quot;\",\"description\":\"Przybli\\u017camy tematyk\\u0119 \\u0142owieck\\u0105, informujemy cz\\u0142onk\\u00f3w ko\\u0142a o bie\\u017c\\u0105cych wydarzeniach.\",\"potentialAction\":[{\"@type\":\"SearchAction\",\"target\":{\"@type\":\"EntryPoint\",\"urlTemplate\":\"https:\/\/www.lesnapolanaslawno.pl\/?s={search_term_string}\"},\"query-input\":\"required name=search_term_string\"}],\"inLanguage\":\"pl-PL\"},{\"@type\":\"ImageObject\",\"@id\":\"http:\/\/www.lesnapolanaslawno.pl\/index.php\/2019\/01\/09\/dodatkowy-plan-polowan-w-sezonie-lowieckim-2018-2019-kola-lowieckiego-lesna-polana-w-slawnie\/#primaryimage\",\"inLanguage\":\"pl-PL\",\"url\":\"http:\/\/www.lesnapolanaslawno.pl\/wp-content\/uploads\/2016\/12\/dziki.jpg\",\"contentUrl\":\"http:\/\/www.lesnapolanaslawno.pl\/wp-content\/uploads\/2016\/12\/dziki.jpg\",\"width\":800,\"height\":432},{\"@type\":\"WebPage\",\"@id\":\"http:\/\/www.lesnapolanaslawno.pl\/index.php\/2019\/01\/09\/dodatkowy-plan-polowan-w-sezonie-lowieckim-2018-2019-kola-lowieckiego-lesna-polana-w-slawnie\/#webpage\",\"url\":\"http:\/\/www.lesnapolanaslawno.pl\/index.php\/2019\/01\/09\/dodatkowy-plan-polowan-w-sezonie-lowieckim-2018-2019-kola-lowieckiego-lesna-polana-w-slawnie\/\",\"name\":\"Anulowane!!! DODATKOWY PLAN POLOWA\\u0143 W SEZONIE \\u0141OWIECKIM 2018\/2019 KO\\u0141A \\u0141OWIECKIEGO \\u201eLE\\u015aNA POLANA\\u201d W S\\u0141AWNIE - Ko\\u0142o \\u0141owieckie &quot;Le\\u015bna Polana w S\\u0142awnie&quot;\",\"isPartOf\":{\"@id\":\"https:\/\/www.lesnapolanaslawno.pl\/#website\"},\"primaryImageOfPage\":{\"@id\":\"http:\/\/www.lesnapolanaslawno.pl\/index.php\/2019\/01\/09\/dodatkowy-plan-polowan-w-sezonie-lowieckim-2018-2019-kola-lowieckiego-lesna-polana-w-slawnie\/#primaryimage\"},\"datePublished\":\"2019-01-09T18:35:16+00:00\",\"dateModified\":\"2019-01-10T17:09:43+00:00\",\"author\":{\"@id\":\"https:\/\/www.lesnapolanaslawno.pl\/#\/schema\/person\/781c6bed55c00e5f3f4be1e15b13529e\"},\"breadcrumb\":{\"@id\":\"http:\/\/www.lesnapolanaslawno.pl\/index.php\/2019\/01\/09\/dodatkowy-plan-polowan-w-sezonie-lowieckim-2018-2019-kola-lowieckiego-lesna-polana-w-slawnie\/#breadcrumb\"},\"inLanguage\":\"pl-PL\",\"potentialAction\":[{\"@type\":\"ReadAction\",\"target\":[\"http:\/\/www.lesnapolanaslawno.pl\/index.php\/2019\/01\/09\/dodatkowy-plan-polowan-w-sezonie-lowieckim-2018-2019-kola-lowieckiego-lesna-polana-w-slawnie\/\"]}]},{\"@type\":\"BreadcrumbList\",\"@id\":\"http:\/\/www.lesnapolanaslawno.pl\/index.php\/2019\/01\/09\/dodatkowy-plan-polowan-w-sezonie-lowieckim-2018-2019-kola-lowieckiego-lesna-polana-w-slawnie\/#breadcrumb\",\"itemListElement\":[{\"@type\":\"ListItem\",\"position\":1,\"name\":\"Strona g\\u0142\\u00f3wna\",\"item\":\"https:\/\/www.lesnapolanaslawno.pl\/\"},{\"@type\":\"ListItem\",\"position\":2,\"name\":\"Anulowane!!! DODATKOWY PLAN POLOWA\\u0143 W SEZONIE \\u0141OWIECKIM 2018\/2019 KO\\u0141A \\u0141OWIECKIEGO \\u201eLE\\u015aNA POLANA\\u201d W S\\u0141AWNIE\"}]},{\"@type\":\"Person\",\"@id\":\"https:\/\/www.lesnapolanaslawno.pl\/#\/schema\/person\/781c6bed55c00e5f3f4be1e15b13529e\",\"name\":\"MarekW\",\"image\":{\"@type\":\"ImageObject\",\"@id\":\"https:\/\/www.lesnapolanaslawno.pl\/#personlogo\",\"inLanguage\":\"pl-PL\",\"url\":\"http:\/\/1.gravatar.com\/avatar\/a6283fef10522677d3949a6d1469d59b?s=96&d=mm&r=g\",\"contentUrl\":\"http:\/\/1.gravatar.com\/avatar\/a6283fef10522677d3949a6d1469d59b?s=96&d=mm&r=g\",\"caption\":\"MarekW\"}}]}<\/script>\n<!-- \/ Yoast SEO plugin. -->","yoast_head_json":{"title":"Anulowane!!!  DODATKOWY PLAN POLOWA\u0143 W SEZONIE \u0141OWIECKIM 2018\/2019 KO\u0141A \u0141OWIECKIEGO \u201eLE\u015aNA POLANA\u201d W S\u0141AWNIE - Ko\u0142o \u0141owieckie &quot;Le\u015bna Polana w S\u0142awnie&quot;","robots":{"index":"index","follow":"follow","max-snippet":"max-snippet:-1","max-image-preview":"max-image-preview:large","max-video-preview":"max-video-preview:-1"},"canonical":"http:\/\/www.lesnapolanaslawno.pl\/index.php\/2019\/01\/09\/dodatkowy-plan-polowan-w-sezonie-lowieckim-2018-2019-kola-lowieckiego-lesna-polana-w-slawnie\/","og_locale":"pl_PL","og_type":"article","og_title":"Anulowane!!!  DODATKOWY PLAN POLOWA\u0143 W SEZONIE \u0141OWIECKIM 2018\/2019 KO\u0141A \u0141OWIECKIEGO \u201eLE\u015aNA POLANA\u201d W S\u0141AWNIE - Ko\u0142o \u0141owieckie &quot;Le\u015bna Polana w S\u0142awnie&quot;","og_description":"Polowania zbiorowe na dziki w ramach obowi\u0105zku redukcji populacji &#8222;ASF&#8221; zosta\u0142y na szcz\u0119\u015bcie odwo\u0142ane.","og_url":"http:\/\/www.lesnapolanaslawno.pl\/index.php\/2019\/01\/09\/dodatkowy-plan-polowan-w-sezonie-lowieckim-2018-2019-kola-lowieckiego-lesna-polana-w-slawnie\/","og_site_name":"Ko\u0142o \u0141owieckie &quot;Le\u015bna Polana w S\u0142awnie&quot;","article_published_time":"2019-01-09T18:35:16+00:00","article_modified_time":"2019-01-10T17:09:43+00:00","og_image":[{"width":800,"height":432,"url":"http:\/\/www.lesnapolanaslawno.pl\/wp-content\/uploads\/2016\/12\/dziki.jpg","path":"\/home\/lesnapolkj\/www\/wp-content\/uploads\/2016\/12\/dziki.jpg","size":"full","id":251,"alt":"","pixels":345600,"type":"image\/jpeg"}],"twitter_card":"summary","twitter_misc":{"Napisane przez":"MarekW"},"schema":{"@context":"https:\/\/schema.org","@graph":[{"@type":"WebSite","@id":"https:\/\/www.lesnapolanaslawno.pl\/#website","url":"https:\/\/www.lesnapolanaslawno.pl\/","name":"Ko\u0142o \u0141owieckie &quot;Le\u015bna Polana w S\u0142awnie&quot;","description":"Przybli\u017camy tematyk\u0119 \u0142owieck\u0105, informujemy cz\u0142onk\u00f3w ko\u0142a o bie\u017c\u0105cych wydarzeniach.","potentialAction":[{"@type":"SearchAction","target":{"@type":"EntryPoint","urlTemplate":"https:\/\/www.lesnapolanaslawno.pl\/?s={search_term_string}"},"query-input":"required name=search_term_string"}],"inLanguage":"pl-PL"},{"@type":"ImageObject","@id":"http:\/\/www.lesnapolanaslawno.pl\/index.php\/2019\/01\/09\/dodatkowy-plan-polowan-w-sezonie-lowieckim-2018-2019-kola-lowieckiego-lesna-polana-w-slawnie\/#primaryimage","inLanguage":"pl-PL","url":"http:\/\/www.lesnapolanaslawno.pl\/wp-content\/uploads\/2016\/12\/dziki.jpg","contentUrl":"http:\/\/www.lesnapolanaslawno.pl\/wp-content\/uploads\/2016\/12\/dziki.jpg","width":800,"height":432},{"@type":"WebPage","@id":"http:\/\/www.lesnapolanaslawno.pl\/index.php\/2019\/01\/09\/dodatkowy-plan-polowan-w-sezonie-lowieckim-2018-2019-kola-lowieckiego-lesna-polana-w-slawnie\/#webpage","url":"http:\/\/www.lesnapolanaslawno.pl\/index.php\/2019\/01\/09\/dodatkowy-plan-polowan-w-sezonie-lowieckim-2018-2019-kola-lowieckiego-lesna-polana-w-slawnie\/","name":"Anulowane!!! DODATKOWY PLAN POLOWA\u0143 W SEZONIE \u0141OWIECKIM 2018\/2019 KO\u0141A \u0141OWIECKIEGO \u201eLE\u015aNA POLANA\u201d W S\u0141AWNIE - Ko\u0142o \u0141owieckie &quot;Le\u015bna Polana w S\u0142awnie&quot;","isPartOf":{"@id":"https:\/\/www.lesnapolanaslawno.pl\/#website"},"primaryImageOfPage":{"@id":"http:\/\/www.lesnapolanaslawno.pl\/index.php\/2019\/01\/09\/dodatkowy-plan-polowan-w-sezonie-lowieckim-2018-2019-kola-lowieckiego-lesna-polana-w-slawnie\/#primaryimage"},"datePublished":"2019-01-09T18:35:16+00:00","dateModified":"2019-01-10T17:09:43+00:00","author":{"@id":"https:\/\/www.lesnapolanaslawno.pl\/#\/schema\/person\/781c6bed55c00e5f3f4be1e15b13529e"},"breadcrumb":{"@id":"http:\/\/www.lesnapolanaslawno.pl\/index.php\/2019\/01\/09\/dodatkowy-plan-polowan-w-sezonie-lowieckim-2018-2019-kola-lowieckiego-lesna-polana-w-slawnie\/#breadcrumb"},"inLanguage":"pl-PL","potentialAction":[{"@type":"ReadAction","target":["http:\/\/www.lesnapolanaslawno.pl\/index.php\/2019\/01\/09\/dodatkowy-plan-polowan-w-sezonie-lowieckim-2018-2019-kola-lowieckiego-lesna-polana-w-slawnie\/"]}]},{"@type":"BreadcrumbList","@id":"http:\/\/www.lesnapolanaslawno.pl\/index.php\/2019\/01\/09\/dodatkowy-plan-polowan-w-sezonie-lowieckim-2018-2019-kola-lowieckiego-lesna-polana-w-slawnie\/#breadcrumb","itemListElement":[{"@type":"ListItem","position":1,"name":"Strona g\u0142\u00f3wna","item":"https:\/\/www.lesnapolanaslawno.pl\/"},{"@type":"ListItem","position":2,"name":"Anulowane!!! DODATKOWY PLAN POLOWA\u0143 W SEZONIE \u0141OWIECKIM 2018\/2019 KO\u0141A \u0141OWIECKIEGO \u201eLE\u015aNA POLANA\u201d W S\u0141AWNIE"}]},{"@type":"Person","@id":"https:\/\/www.lesnapolanaslawno.pl\/#\/schema\/person\/781c6bed55c00e5f3f4be1e15b13529e","name":"MarekW","image":{"@type":"ImageObject","@id":"https:\/\/www.lesnapolanaslawno.pl\/#personlogo","inLanguage":"pl-PL","url":"http:\/\/1.gravatar.com\/avatar\/a6283fef10522677d3949a6d1469d59b?s=96&d=mm&r=g","contentUrl":"http:\/\/1.gravatar.com\/avatar\/a6283fef10522677d3949a6d1469d59b?s=96&d=mm&r=g","caption":"MarekW"}}]}},"amp_enabled":true,"_links":{"self":[{"href":"http:\/\/www.lesnapolanaslawno.pl\/index.php\/wp-json\/wp\/v2\/posts\/599"}],"collection":[{"href":"http:\/\/www.lesnapolanaslawno.pl\/index.php\/wp-json\/wp\/v2\/posts"}],"about":[{"href":"http:\/\/www.lesnapolanaslawno.pl\/index.php\/wp-json\/wp\/v2\/types\/post"}],"author":[{"embeddable":true,"href":"http:\/\/www.lesnapolanaslawno.pl\/index.php\/wp-json\/wp\/v2\/users\/1"}],"replies":[{"embeddable":true,"href":"http:\/\/www.lesnapolanaslawno.pl\/index.php\/wp-json\/wp\/v2\/comments?post=599"}],"version-history":[{"count":3,"href":"http:\/\/www.lesnapolanaslawno.pl\/index.php\/wp-json\/wp\/v2\/posts\/599\/revisions"}],"predecessor-version":[{"id":603,"href":"http:\/\/www.lesnapolanaslawno.pl\/index.php\/wp-json\/wp\/v2\/posts\/599\/revisions\/603"}],"wp:featuredmedia":[{"embeddable":true,"href":"http:\/\/www.lesnapolanaslawno.pl\/index.php\/wp-json\/wp\/v2\/media\/251"}],"wp:attachment":[{"href":"http:\/\/www.lesnapolanaslawno.pl\/index.php\/wp-json\/wp\/v2\/media?parent=599"}],"wp:term":[{"taxonomy":"category","embeddable":true,"href":"http:\/\/www.lesnapolanaslawno.pl\/index.php\/wp-json\/wp\/v2\/categories?post=599"},{"taxonomy":"post_tag","embeddable":true,"href":"http:\/\/www.lesnapolanaslawno.pl\/index.php\/wp-json\/wp\/v2\/tags?post=599"}],"curies":[{"name":"wp","href":"https:\/\/api.w.org\/{rel}","templated":true}]}}