{"id":540,"date":"2018-06-08T17:19:49","date_gmt":"2018-06-08T15:19:49","guid":{"rendered":"http:\/\/www.lesnapolanaslawno.pl\/?p=540"},"modified":"2018-06-08T17:19:49","modified_gmt":"2018-06-08T15:19:49","slug":"walne-zgromadzenie-czlonkow-kola-17-czerwca-2018-roku","status":"publish","type":"post","link":"http:\/\/www.lesnapolanaslawno.pl\/index.php\/2018\/06\/08\/walne-zgromadzenie-czlonkow-kola-17-czerwca-2018-roku\/","title":{"rendered":"Walne Zgromadzenie Cz\u0142onk\u00f3w Ko\u0142a &#8211; 17 czerwca 2018 roku"},"content":{"rendered":"<p>Zarz\u0105d Ko\u0142a zaprasza wszystkich Cz\u0142onk\u00f3w na Walne Zgromadzenie Cz\u0142onk\u00f3w Ko\u0142a w dniu <img decoding=\"async\" loading=\"lazy\" class=\"wp-image-541 size-medium alignright\" src=\"http:\/\/www.lesnapolanaslawno.pl\/wp-content\/uploads\/2018\/06\/Zwo\u0142anie-WZK-VI-2018-212x300.jpg\" alt=\"zwo\u0142anie walnego\" width=\"212\" height=\"300\" srcset=\"http:\/\/www.lesnapolanaslawno.pl\/wp-content\/uploads\/2018\/06\/Zwo\u0142anie-WZK-VI-2018-212x300.jpg 212w, http:\/\/www.lesnapolanaslawno.pl\/wp-content\/uploads\/2018\/06\/Zwo\u0142anie-WZK-VI-2018-768x1086.jpg 768w, http:\/\/www.lesnapolanaslawno.pl\/wp-content\/uploads\/2018\/06\/Zwo\u0142anie-WZK-VI-2018-724x1024.jpg 724w\" sizes=\"(max-width: 212px) 100vw, 212px\" \/>17 czerwca 2018 roku o godzinie 9:00 w siedzibie Ko\u0142a w Tychowie.<\/p>\n<p>Dokumenty dost\u0119pne na stronie:<\/p>\n<p><a href=\"http:\/\/www.lesnapolanaslawno.pl\/index.php\/dla-czlonkow-kola\/walne-zgromadzenia\/\" target=\"_blank\" rel=\"noopener\"><span style=\"text-decoration: underline;\">WZK 2018<\/span><\/a><\/p>\n","protected":false},"excerpt":{"rendered":"<p>Zarz\u0105d Ko\u0142a zaprasza wszystkich Cz\u0142onk\u00f3w na Walne Zgromadzenie Cz\u0142onk\u00f3w Ko\u0142a w dniu 17 czerwca 2018 roku o godzinie 9:00 w siedzibie Ko\u0142a w Tychowie. Dokumenty dost\u0119pne na stronie: WZK 2018<\/p>\n","protected":false},"author":1,"featured_media":0,"comment_status":"open","ping_status":"open","sticky":false,"template":"","format":"standard","meta":[],"categories":[1],"tags":[],"yoast_head":"<!-- This site is optimized with the Yoast SEO plugin v17.1 - https:\/\/yoast.com\/wordpress\/plugins\/seo\/ -->\n<title>Walne Zgromadzenie Cz\u0142onk\u00f3w Ko\u0142a - 17 czerwca 2018 roku - Ko\u0142o \u0141owieckie &quot;Le\u015bna Polana w S\u0142awnie&quot;<\/title>\n<meta name=\"robots\" content=\"index, follow, max-snippet:-1, max-image-preview:large, max-video-preview:-1\" \/>\n<link rel=\"canonical\" href=\"http:\/\/www.lesnapolanaslawno.pl\/index.php\/2018\/06\/08\/walne-zgromadzenie-czlonkow-kola-17-czerwca-2018-roku\/\" \/>\n<meta property=\"og:locale\" content=\"pl_PL\" \/>\n<meta property=\"og:type\" content=\"article\" \/>\n<meta property=\"og:title\" content=\"Walne Zgromadzenie Cz\u0142onk\u00f3w Ko\u0142a - 17 czerwca 2018 roku - Ko\u0142o \u0141owieckie &quot;Le\u015bna Polana w S\u0142awnie&quot;\" \/>\n<meta property=\"og:description\" content=\"Zarz\u0105d Ko\u0142a zaprasza wszystkich Cz\u0142onk\u00f3w na Walne Zgromadzenie Cz\u0142onk\u00f3w Ko\u0142a w dniu 17 czerwca 2018 roku o godzinie 9:00 w siedzibie Ko\u0142a w Tychowie. Dokumenty dost\u0119pne na stronie: WZK 2018\" \/>\n<meta property=\"og:url\" content=\"http:\/\/www.lesnapolanaslawno.pl\/index.php\/2018\/06\/08\/walne-zgromadzenie-czlonkow-kola-17-czerwca-2018-roku\/\" \/>\n<meta property=\"og:site_name\" content=\"Ko\u0142o \u0141owieckie &quot;Le\u015bna Polana w S\u0142awnie&quot;\" \/>\n<meta property=\"article:published_time\" content=\"2018-06-08T15:19:49+00:00\" \/>\n<meta property=\"og:image\" content=\"http:\/\/www.lesnapolanaslawno.pl\/wp-content\/uploads\/2018\/06\/Zwo\u0142anie-WZK-VI-2018-212x300.jpg\" \/>\n<meta name=\"twitter:card\" content=\"summary\" \/>\n<meta name=\"twitter:label1\" content=\"Napisane przez\" \/>\n\t<meta name=\"twitter:data1\" content=\"MarekW\" \/>\n<script type=\"application\/ld+json\" class=\"yoast-schema-graph\">{\"@context\":\"https:\/\/schema.org\",\"@graph\":[{\"@type\":\"WebSite\",\"@id\":\"https:\/\/www.lesnapolanaslawno.pl\/#website\",\"url\":\"https:\/\/www.lesnapolanaslawno.pl\/\",\"name\":\"Ko\\u0142o \\u0141owieckie &quot;Le\\u015bna Polana w S\\u0142awnie&quot;\",\"description\":\"Przybli\\u017camy tematyk\\u0119 \\u0142owieck\\u0105, informujemy cz\\u0142onk\\u00f3w ko\\u0142a o bie\\u017c\\u0105cych wydarzeniach.\",\"potentialAction\":[{\"@type\":\"SearchAction\",\"target\":{\"@type\":\"EntryPoint\",\"urlTemplate\":\"https:\/\/www.lesnapolanaslawno.pl\/?s={search_term_string}\"},\"query-input\":\"required name=search_term_string\"}],\"inLanguage\":\"pl-PL\"},{\"@type\":\"ImageObject\",\"@id\":\"http:\/\/www.lesnapolanaslawno.pl\/index.php\/2018\/06\/08\/walne-zgromadzenie-czlonkow-kola-17-czerwca-2018-roku\/#primaryimage\",\"inLanguage\":\"pl-PL\",\"url\":\"http:\/\/www.lesnapolanaslawno.pl\/wp-content\/uploads\/2018\/06\/Zwo\\u0142anie-WZK-VI-2018.jpg\",\"contentUrl\":\"http:\/\/www.lesnapolanaslawno.pl\/wp-content\/uploads\/2018\/06\/Zwo\\u0142anie-WZK-VI-2018.jpg\",\"width\":4964,\"height\":7020,\"caption\":\"zwo\\u0142anie walnego\"},{\"@type\":\"WebPage\",\"@id\":\"http:\/\/www.lesnapolanaslawno.pl\/index.php\/2018\/06\/08\/walne-zgromadzenie-czlonkow-kola-17-czerwca-2018-roku\/#webpage\",\"url\":\"http:\/\/www.lesnapolanaslawno.pl\/index.php\/2018\/06\/08\/walne-zgromadzenie-czlonkow-kola-17-czerwca-2018-roku\/\",\"name\":\"Walne Zgromadzenie Cz\\u0142onk\\u00f3w Ko\\u0142a - 17 czerwca 2018 roku - Ko\\u0142o \\u0141owieckie &quot;Le\\u015bna Polana w S\\u0142awnie&quot;\",\"isPartOf\":{\"@id\":\"https:\/\/www.lesnapolanaslawno.pl\/#website\"},\"primaryImageOfPage\":{\"@id\":\"http:\/\/www.lesnapolanaslawno.pl\/index.php\/2018\/06\/08\/walne-zgromadzenie-czlonkow-kola-17-czerwca-2018-roku\/#primaryimage\"},\"datePublished\":\"2018-06-08T15:19:49+00:00\",\"dateModified\":\"2018-06-08T15:19:49+00:00\",\"author\":{\"@id\":\"https:\/\/www.lesnapolanaslawno.pl\/#\/schema\/person\/781c6bed55c00e5f3f4be1e15b13529e\"},\"breadcrumb\":{\"@id\":\"http:\/\/www.lesnapolanaslawno.pl\/index.php\/2018\/06\/08\/walne-zgromadzenie-czlonkow-kola-17-czerwca-2018-roku\/#breadcrumb\"},\"inLanguage\":\"pl-PL\",\"potentialAction\":[{\"@type\":\"ReadAction\",\"target\":[\"http:\/\/www.lesnapolanaslawno.pl\/index.php\/2018\/06\/08\/walne-zgromadzenie-czlonkow-kola-17-czerwca-2018-roku\/\"]}]},{\"@type\":\"BreadcrumbList\",\"@id\":\"http:\/\/www.lesnapolanaslawno.pl\/index.php\/2018\/06\/08\/walne-zgromadzenie-czlonkow-kola-17-czerwca-2018-roku\/#breadcrumb\",\"itemListElement\":[{\"@type\":\"ListItem\",\"position\":1,\"name\":\"Strona g\\u0142\\u00f3wna\",\"item\":\"https:\/\/www.lesnapolanaslawno.pl\/\"},{\"@type\":\"ListItem\",\"position\":2,\"name\":\"Walne Zgromadzenie Cz\\u0142onk\\u00f3w Ko\\u0142a &#8211; 17 czerwca 2018 roku\"}]},{\"@type\":\"Person\",\"@id\":\"https:\/\/www.lesnapolanaslawno.pl\/#\/schema\/person\/781c6bed55c00e5f3f4be1e15b13529e\",\"name\":\"MarekW\",\"image\":{\"@type\":\"ImageObject\",\"@id\":\"https:\/\/www.lesnapolanaslawno.pl\/#personlogo\",\"inLanguage\":\"pl-PL\",\"url\":\"http:\/\/1.gravatar.com\/avatar\/a6283fef10522677d3949a6d1469d59b?s=96&d=mm&r=g\",\"contentUrl\":\"http:\/\/1.gravatar.com\/avatar\/a6283fef10522677d3949a6d1469d59b?s=96&d=mm&r=g\",\"caption\":\"MarekW\"}}]}<\/script>\n<!-- \/ Yoast SEO plugin. -->","yoast_head_json":{"title":"Walne Zgromadzenie Cz\u0142onk\u00f3w Ko\u0142a - 17 czerwca 2018 roku - Ko\u0142o \u0141owieckie &quot;Le\u015bna Polana w S\u0142awnie&quot;","robots":{"index":"index","follow":"follow","max-snippet":"max-snippet:-1","max-image-preview":"max-image-preview:large","max-video-preview":"max-video-preview:-1"},"canonical":"http:\/\/www.lesnapolanaslawno.pl\/index.php\/2018\/06\/08\/walne-zgromadzenie-czlonkow-kola-17-czerwca-2018-roku\/","og_locale":"pl_PL","og_type":"article","og_title":"Walne Zgromadzenie Cz\u0142onk\u00f3w Ko\u0142a - 17 czerwca 2018 roku - Ko\u0142o \u0141owieckie &quot;Le\u015bna Polana w S\u0142awnie&quot;","og_description":"Zarz\u0105d Ko\u0142a zaprasza wszystkich Cz\u0142onk\u00f3w na Walne Zgromadzenie Cz\u0142onk\u00f3w Ko\u0142a w dniu 17 czerwca 2018 roku o godzinie 9:00 w siedzibie Ko\u0142a w Tychowie. Dokumenty dost\u0119pne na stronie: WZK 2018","og_url":"http:\/\/www.lesnapolanaslawno.pl\/index.php\/2018\/06\/08\/walne-zgromadzenie-czlonkow-kola-17-czerwca-2018-roku\/","og_site_name":"Ko\u0142o \u0141owieckie &quot;Le\u015bna Polana w S\u0142awnie&quot;","article_published_time":"2018-06-08T15:19:49+00:00","og_image":[{"url":"http:\/\/www.lesnapolanaslawno.pl\/wp-content\/uploads\/2018\/06\/Zwo\u0142anie-WZK-VI-2018-212x300.jpg"}],"twitter_card":"summary","twitter_misc":{"Napisane przez":"MarekW"},"schema":{"@context":"https:\/\/schema.org","@graph":[{"@type":"WebSite","@id":"https:\/\/www.lesnapolanaslawno.pl\/#website","url":"https:\/\/www.lesnapolanaslawno.pl\/","name":"Ko\u0142o \u0141owieckie &quot;Le\u015bna Polana w S\u0142awnie&quot;","description":"Przybli\u017camy tematyk\u0119 \u0142owieck\u0105, informujemy cz\u0142onk\u00f3w ko\u0142a o bie\u017c\u0105cych wydarzeniach.","potentialAction":[{"@type":"SearchAction","target":{"@type":"EntryPoint","urlTemplate":"https:\/\/www.lesnapolanaslawno.pl\/?s={search_term_string}"},"query-input":"required name=search_term_string"}],"inLanguage":"pl-PL"},{"@type":"ImageObject","@id":"http:\/\/www.lesnapolanaslawno.pl\/index.php\/2018\/06\/08\/walne-zgromadzenie-czlonkow-kola-17-czerwca-2018-roku\/#primaryimage","inLanguage":"pl-PL","url":"http:\/\/www.lesnapolanaslawno.pl\/wp-content\/uploads\/2018\/06\/Zwo\u0142anie-WZK-VI-2018.jpg","contentUrl":"http:\/\/www.lesnapolanaslawno.pl\/wp-content\/uploads\/2018\/06\/Zwo\u0142anie-WZK-VI-2018.jpg","width":4964,"height":7020,"caption":"zwo\u0142anie walnego"},{"@type":"WebPage","@id":"http:\/\/www.lesnapolanaslawno.pl\/index.php\/2018\/06\/08\/walne-zgromadzenie-czlonkow-kola-17-czerwca-2018-roku\/#webpage","url":"http:\/\/www.lesnapolanaslawno.pl\/index.php\/2018\/06\/08\/walne-zgromadzenie-czlonkow-kola-17-czerwca-2018-roku\/","name":"Walne Zgromadzenie Cz\u0142onk\u00f3w Ko\u0142a - 17 czerwca 2018 roku - Ko\u0142o \u0141owieckie &quot;Le\u015bna Polana w S\u0142awnie&quot;","isPartOf":{"@id":"https:\/\/www.lesnapolanaslawno.pl\/#website"},"primaryImageOfPage":{"@id":"http:\/\/www.lesnapolanaslawno.pl\/index.php\/2018\/06\/08\/walne-zgromadzenie-czlonkow-kola-17-czerwca-2018-roku\/#primaryimage"},"datePublished":"2018-06-08T15:19:49+00:00","dateModified":"2018-06-08T15:19:49+00:00","author":{"@id":"https:\/\/www.lesnapolanaslawno.pl\/#\/schema\/person\/781c6bed55c00e5f3f4be1e15b13529e"},"breadcrumb":{"@id":"http:\/\/www.lesnapolanaslawno.pl\/index.php\/2018\/06\/08\/walne-zgromadzenie-czlonkow-kola-17-czerwca-2018-roku\/#breadcrumb"},"inLanguage":"pl-PL","potentialAction":[{"@type":"ReadAction","target":["http:\/\/www.lesnapolanaslawno.pl\/index.php\/2018\/06\/08\/walne-zgromadzenie-czlonkow-kola-17-czerwca-2018-roku\/"]}]},{"@type":"BreadcrumbList","@id":"http:\/\/www.lesnapolanaslawno.pl\/index.php\/2018\/06\/08\/walne-zgromadzenie-czlonkow-kola-17-czerwca-2018-roku\/#breadcrumb","itemListElement":[{"@type":"ListItem","position":1,"name":"Strona g\u0142\u00f3wna","item":"https:\/\/www.lesnapolanaslawno.pl\/"},{"@type":"ListItem","position":2,"name":"Walne Zgromadzenie Cz\u0142onk\u00f3w Ko\u0142a &#8211; 17 czerwca 2018 roku"}]},{"@type":"Person","@id":"https:\/\/www.lesnapolanaslawno.pl\/#\/schema\/person\/781c6bed55c00e5f3f4be1e15b13529e","name":"MarekW","image":{"@type":"ImageObject","@id":"https:\/\/www.lesnapolanaslawno.pl\/#personlogo","inLanguage":"pl-PL","url":"http:\/\/1.gravatar.com\/avatar\/a6283fef10522677d3949a6d1469d59b?s=96&d=mm&r=g","contentUrl":"http:\/\/1.gravatar.com\/avatar\/a6283fef10522677d3949a6d1469d59b?s=96&d=mm&r=g","caption":"MarekW"}}]}},"amp_enabled":true,"_links":{"self":[{"href":"http:\/\/www.lesnapolanaslawno.pl\/index.php\/wp-json\/wp\/v2\/posts\/540"}],"collection":[{"href":"http:\/\/www.lesnapolanaslawno.pl\/index.php\/wp-json\/wp\/v2\/posts"}],"about":[{"href":"http:\/\/www.lesnapolanaslawno.pl\/index.php\/wp-json\/wp\/v2\/types\/post"}],"author":[{"embeddable":true,"href":"http:\/\/www.lesnapolanaslawno.pl\/index.php\/wp-json\/wp\/v2\/users\/1"}],"replies":[{"embeddable":true,"href":"http:\/\/www.lesnapolanaslawno.pl\/index.php\/wp-json\/wp\/v2\/comments?post=540"}],"version-history":[{"count":2,"href":"http:\/\/www.lesnapolanaslawno.pl\/index.php\/wp-json\/wp\/v2\/posts\/540\/revisions"}],"predecessor-version":[{"id":543,"href":"http:\/\/www.lesnapolanaslawno.pl\/index.php\/wp-json\/wp\/v2\/posts\/540\/revisions\/543"}],"wp:attachment":[{"href":"http:\/\/www.lesnapolanaslawno.pl\/index.php\/wp-json\/wp\/v2\/media?parent=540"}],"wp:term":[{"taxonomy":"category","embeddable":true,"href":"http:\/\/www.lesnapolanaslawno.pl\/index.php\/wp-json\/wp\/v2\/categories?post=540"},{"taxonomy":"post_tag","embeddable":true,"href":"http:\/\/www.lesnapolanaslawno.pl\/index.php\/wp-json\/wp\/v2\/tags?post=540"}],"curies":[{"name":"wp","href":"https:\/\/api.w.org\/{rel}","templated":true}]}}