{"id":419,"date":"2017-05-12T20:00:56","date_gmt":"2017-05-12T18:00:56","guid":{"rendered":"http:\/\/www.lesnapolanaslawno.pl\/?p=419"},"modified":"2017-05-13T14:09:43","modified_gmt":"2017-05-13T12:09:43","slug":"przystrzelanie-broni-i-trening-strzelecki","status":"publish","type":"post","link":"http:\/\/www.lesnapolanaslawno.pl\/index.php\/2017\/05\/12\/przystrzelanie-broni-i-trening-strzelecki\/","title":{"rendered":"PRZYSTRZELANIE BRONI I TRENING STRZELECKI"},"content":{"rendered":"<div data-contents=\"true\">\n<div class=\"\" data-block=\"true\" data-editor=\"19pf9\" data-offset-key=\"3kh24-0-0\">\n<div class=\"_1mf _1mj\" data-offset-key=\"3kh24-0-0\"><span data-offset-key=\"3kh24-0-0\">PRZYSTRZELANIE BRONI I TRENING STRZELECKI &#8211; ZMIANA TERMINU!<br \/>\nZe wzgl\u0119du na zawody strzeleckie nast\u0105pi\u0142a zmiana terminu przystrzelania broni i treningu strzeleckiego na strzelnicy w Warcinie. Dok\u0142adny termin treningu w czerwcu zostanie podany pod koniec maja.<\/span><\/div>\n<div class=\"_1mf _1mj\" data-offset-key=\"3kh24-0-0\"><\/div>\n<\/div>\n<div class=\"\" data-block=\"true\" data-editor=\"19pf9\" data-offset-key=\"bf29u-0-0\">\n<div class=\"_1mf _1mj\" data-offset-key=\"bf29u-0-0\"><span data-offset-key=\"bf29u-0-0\">Informujemy r\u00f3wnie\u017c, \u017ce Walne Zgromadzenie Ko\u0142a odb\u0119dzie si\u0119 11 czerwca 2017 r. w siedzibie ko\u0142a. Pocz\u0105tek o godz. 9:00. <\/span><\/div>\n<\/div>\n<\/div>\n","protected":false},"excerpt":{"rendered":"<p>PRZYSTRZELANIE BRONI I TRENING STRZELECKI &#8211; ZMIANA TERMINU! Ze wzgl\u0119du na zawody strzeleckie nast\u0105pi\u0142a zmiana terminu przystrzelania broni i treningu strzeleckiego na strzelnicy w Warcinie. Dok\u0142adny termin treningu w czerwcu zostanie podany pod koniec maja. Informujemy r\u00f3wnie\u017c, \u017ce Walne Zgromadzenie Ko\u0142a odb\u0119dzie si\u0119 11 czerwca 2017 r. w siedzibie ko\u0142a. Pocz\u0105tek o godz. 9:00.<\/p>\n","protected":false},"author":1,"featured_media":0,"comment_status":"open","ping_status":"open","sticky":false,"template":"","format":"standard","meta":[],"categories":[1],"tags":[],"yoast_head":"<!-- This site is optimized with the Yoast SEO plugin v17.1 - https:\/\/yoast.com\/wordpress\/plugins\/seo\/ -->\n<title>PRZYSTRZELANIE BRONI I TRENING STRZELECKI - Ko\u0142o \u0141owieckie &quot;Le\u015bna Polana w S\u0142awnie&quot;<\/title>\n<meta name=\"robots\" content=\"index, follow, max-snippet:-1, max-image-preview:large, max-video-preview:-1\" \/>\n<link rel=\"canonical\" href=\"http:\/\/www.lesnapolanaslawno.pl\/index.php\/2017\/05\/12\/przystrzelanie-broni-i-trening-strzelecki\/\" \/>\n<meta property=\"og:locale\" content=\"pl_PL\" \/>\n<meta property=\"og:type\" content=\"article\" \/>\n<meta property=\"og:title\" content=\"PRZYSTRZELANIE BRONI I TRENING STRZELECKI - Ko\u0142o \u0141owieckie &quot;Le\u015bna Polana w S\u0142awnie&quot;\" \/>\n<meta property=\"og:description\" content=\"PRZYSTRZELANIE BRONI I TRENING STRZELECKI &#8211; ZMIANA TERMINU! Ze wzgl\u0119du na zawody strzeleckie nast\u0105pi\u0142a zmiana terminu przystrzelania broni i treningu strzeleckiego na strzelnicy w Warcinie. Dok\u0142adny termin treningu w czerwcu zostanie podany pod koniec maja. Informujemy r\u00f3wnie\u017c, \u017ce Walne Zgromadzenie Ko\u0142a odb\u0119dzie si\u0119 11 czerwca 2017 r. w siedzibie ko\u0142a. Pocz\u0105tek o godz. 9:00.\" \/>\n<meta property=\"og:url\" content=\"http:\/\/www.lesnapolanaslawno.pl\/index.php\/2017\/05\/12\/przystrzelanie-broni-i-trening-strzelecki\/\" \/>\n<meta property=\"og:site_name\" content=\"Ko\u0142o \u0141owieckie &quot;Le\u015bna Polana w S\u0142awnie&quot;\" \/>\n<meta property=\"article:published_time\" content=\"2017-05-12T18:00:56+00:00\" \/>\n<meta property=\"article:modified_time\" content=\"2017-05-13T12:09:43+00:00\" \/>\n<meta property=\"og:image\" content=\"http:\/\/www.lesnapolanaslawno.pl\/wp-content\/uploads\/2016\/11\/cropped-18_3-krzy\u017c-\u015bw.-Huberta.jpg\" \/>\n\t<meta property=\"og:image:width\" content=\"512\" \/>\n\t<meta property=\"og:image:height\" content=\"512\" \/>\n<meta name=\"twitter:card\" content=\"summary\" \/>\n<meta name=\"twitter:label1\" content=\"Napisane przez\" \/>\n\t<meta name=\"twitter:data1\" content=\"MarekW\" \/>\n<script type=\"application\/ld+json\" class=\"yoast-schema-graph\">{\"@context\":\"https:\/\/schema.org\",\"@graph\":[{\"@type\":\"WebSite\",\"@id\":\"https:\/\/www.lesnapolanaslawno.pl\/#website\",\"url\":\"https:\/\/www.lesnapolanaslawno.pl\/\",\"name\":\"Ko\\u0142o \\u0141owieckie &quot;Le\\u015bna Polana w S\\u0142awnie&quot;\",\"description\":\"Przybli\\u017camy tematyk\\u0119 \\u0142owieck\\u0105, informujemy cz\\u0142onk\\u00f3w ko\\u0142a o bie\\u017c\\u0105cych wydarzeniach.\",\"potentialAction\":[{\"@type\":\"SearchAction\",\"target\":{\"@type\":\"EntryPoint\",\"urlTemplate\":\"https:\/\/www.lesnapolanaslawno.pl\/?s={search_term_string}\"},\"query-input\":\"required name=search_term_string\"}],\"inLanguage\":\"pl-PL\"},{\"@type\":\"WebPage\",\"@id\":\"http:\/\/www.lesnapolanaslawno.pl\/index.php\/2017\/05\/12\/przystrzelanie-broni-i-trening-strzelecki\/#webpage\",\"url\":\"http:\/\/www.lesnapolanaslawno.pl\/index.php\/2017\/05\/12\/przystrzelanie-broni-i-trening-strzelecki\/\",\"name\":\"PRZYSTRZELANIE BRONI I TRENING STRZELECKI - Ko\\u0142o \\u0141owieckie &quot;Le\\u015bna Polana w S\\u0142awnie&quot;\",\"isPartOf\":{\"@id\":\"https:\/\/www.lesnapolanaslawno.pl\/#website\"},\"datePublished\":\"2017-05-12T18:00:56+00:00\",\"dateModified\":\"2017-05-13T12:09:43+00:00\",\"author\":{\"@id\":\"https:\/\/www.lesnapolanaslawno.pl\/#\/schema\/person\/781c6bed55c00e5f3f4be1e15b13529e\"},\"breadcrumb\":{\"@id\":\"http:\/\/www.lesnapolanaslawno.pl\/index.php\/2017\/05\/12\/przystrzelanie-broni-i-trening-strzelecki\/#breadcrumb\"},\"inLanguage\":\"pl-PL\",\"potentialAction\":[{\"@type\":\"ReadAction\",\"target\":[\"http:\/\/www.lesnapolanaslawno.pl\/index.php\/2017\/05\/12\/przystrzelanie-broni-i-trening-strzelecki\/\"]}]},{\"@type\":\"BreadcrumbList\",\"@id\":\"http:\/\/www.lesnapolanaslawno.pl\/index.php\/2017\/05\/12\/przystrzelanie-broni-i-trening-strzelecki\/#breadcrumb\",\"itemListElement\":[{\"@type\":\"ListItem\",\"position\":1,\"name\":\"Strona g\\u0142\\u00f3wna\",\"item\":\"https:\/\/www.lesnapolanaslawno.pl\/\"},{\"@type\":\"ListItem\",\"position\":2,\"name\":\"PRZYSTRZELANIE BRONI I TRENING STRZELECKI\"}]},{\"@type\":\"Person\",\"@id\":\"https:\/\/www.lesnapolanaslawno.pl\/#\/schema\/person\/781c6bed55c00e5f3f4be1e15b13529e\",\"name\":\"MarekW\",\"image\":{\"@type\":\"ImageObject\",\"@id\":\"https:\/\/www.lesnapolanaslawno.pl\/#personlogo\",\"inLanguage\":\"pl-PL\",\"url\":\"http:\/\/1.gravatar.com\/avatar\/a6283fef10522677d3949a6d1469d59b?s=96&d=mm&r=g\",\"contentUrl\":\"http:\/\/1.gravatar.com\/avatar\/a6283fef10522677d3949a6d1469d59b?s=96&d=mm&r=g\",\"caption\":\"MarekW\"}}]}<\/script>\n<!-- \/ Yoast SEO plugin. -->","yoast_head_json":{"title":"PRZYSTRZELANIE BRONI I TRENING STRZELECKI - Ko\u0142o \u0141owieckie &quot;Le\u015bna Polana w S\u0142awnie&quot;","robots":{"index":"index","follow":"follow","max-snippet":"max-snippet:-1","max-image-preview":"max-image-preview:large","max-video-preview":"max-video-preview:-1"},"canonical":"http:\/\/www.lesnapolanaslawno.pl\/index.php\/2017\/05\/12\/przystrzelanie-broni-i-trening-strzelecki\/","og_locale":"pl_PL","og_type":"article","og_title":"PRZYSTRZELANIE BRONI I TRENING STRZELECKI - Ko\u0142o \u0141owieckie &quot;Le\u015bna Polana w S\u0142awnie&quot;","og_description":"PRZYSTRZELANIE BRONI I TRENING STRZELECKI &#8211; ZMIANA TERMINU! Ze wzgl\u0119du na zawody strzeleckie nast\u0105pi\u0142a zmiana terminu przystrzelania broni i treningu strzeleckiego na strzelnicy w Warcinie. Dok\u0142adny termin treningu w czerwcu zostanie podany pod koniec maja. Informujemy r\u00f3wnie\u017c, \u017ce Walne Zgromadzenie Ko\u0142a odb\u0119dzie si\u0119 11 czerwca 2017 r. w siedzibie ko\u0142a. Pocz\u0105tek o godz. 9:00.","og_url":"http:\/\/www.lesnapolanaslawno.pl\/index.php\/2017\/05\/12\/przystrzelanie-broni-i-trening-strzelecki\/","og_site_name":"Ko\u0142o \u0141owieckie &quot;Le\u015bna Polana w S\u0142awnie&quot;","article_published_time":"2017-05-12T18:00:56+00:00","article_modified_time":"2017-05-13T12:09:43+00:00","og_image":[{"width":512,"height":512,"url":"http:\/\/www.lesnapolanaslawno.pl\/wp-content\/uploads\/2016\/11\/cropped-18_3-krzy\u017c-\u015bw.-Huberta.jpg","path":"\/home\/lesnapolkj\/www\/wp-content\/uploads\/2016\/11\/cropped-18_3-krzy\u017c-\u015bw.-Huberta.jpg","size":"full","id":13,"alt":"","pixels":262144,"type":"image\/jpeg"}],"twitter_card":"summary","twitter_misc":{"Napisane przez":"MarekW"},"schema":{"@context":"https:\/\/schema.org","@graph":[{"@type":"WebSite","@id":"https:\/\/www.lesnapolanaslawno.pl\/#website","url":"https:\/\/www.lesnapolanaslawno.pl\/","name":"Ko\u0142o \u0141owieckie &quot;Le\u015bna Polana w S\u0142awnie&quot;","description":"Przybli\u017camy tematyk\u0119 \u0142owieck\u0105, informujemy cz\u0142onk\u00f3w ko\u0142a o bie\u017c\u0105cych wydarzeniach.","potentialAction":[{"@type":"SearchAction","target":{"@type":"EntryPoint","urlTemplate":"https:\/\/www.lesnapolanaslawno.pl\/?s={search_term_string}"},"query-input":"required name=search_term_string"}],"inLanguage":"pl-PL"},{"@type":"WebPage","@id":"http:\/\/www.lesnapolanaslawno.pl\/index.php\/2017\/05\/12\/przystrzelanie-broni-i-trening-strzelecki\/#webpage","url":"http:\/\/www.lesnapolanaslawno.pl\/index.php\/2017\/05\/12\/przystrzelanie-broni-i-trening-strzelecki\/","name":"PRZYSTRZELANIE BRONI I TRENING STRZELECKI - Ko\u0142o \u0141owieckie &quot;Le\u015bna Polana w S\u0142awnie&quot;","isPartOf":{"@id":"https:\/\/www.lesnapolanaslawno.pl\/#website"},"datePublished":"2017-05-12T18:00:56+00:00","dateModified":"2017-05-13T12:09:43+00:00","author":{"@id":"https:\/\/www.lesnapolanaslawno.pl\/#\/schema\/person\/781c6bed55c00e5f3f4be1e15b13529e"},"breadcrumb":{"@id":"http:\/\/www.lesnapolanaslawno.pl\/index.php\/2017\/05\/12\/przystrzelanie-broni-i-trening-strzelecki\/#breadcrumb"},"inLanguage":"pl-PL","potentialAction":[{"@type":"ReadAction","target":["http:\/\/www.lesnapolanaslawno.pl\/index.php\/2017\/05\/12\/przystrzelanie-broni-i-trening-strzelecki\/"]}]},{"@type":"BreadcrumbList","@id":"http:\/\/www.lesnapolanaslawno.pl\/index.php\/2017\/05\/12\/przystrzelanie-broni-i-trening-strzelecki\/#breadcrumb","itemListElement":[{"@type":"ListItem","position":1,"name":"Strona g\u0142\u00f3wna","item":"https:\/\/www.lesnapolanaslawno.pl\/"},{"@type":"ListItem","position":2,"name":"PRZYSTRZELANIE BRONI I TRENING STRZELECKI"}]},{"@type":"Person","@id":"https:\/\/www.lesnapolanaslawno.pl\/#\/schema\/person\/781c6bed55c00e5f3f4be1e15b13529e","name":"MarekW","image":{"@type":"ImageObject","@id":"https:\/\/www.lesnapolanaslawno.pl\/#personlogo","inLanguage":"pl-PL","url":"http:\/\/1.gravatar.com\/avatar\/a6283fef10522677d3949a6d1469d59b?s=96&d=mm&r=g","contentUrl":"http:\/\/1.gravatar.com\/avatar\/a6283fef10522677d3949a6d1469d59b?s=96&d=mm&r=g","caption":"MarekW"}}]}},"amp_enabled":true,"_links":{"self":[{"href":"http:\/\/www.lesnapolanaslawno.pl\/index.php\/wp-json\/wp\/v2\/posts\/419"}],"collection":[{"href":"http:\/\/www.lesnapolanaslawno.pl\/index.php\/wp-json\/wp\/v2\/posts"}],"about":[{"href":"http:\/\/www.lesnapolanaslawno.pl\/index.php\/wp-json\/wp\/v2\/types\/post"}],"author":[{"embeddable":true,"href":"http:\/\/www.lesnapolanaslawno.pl\/index.php\/wp-json\/wp\/v2\/users\/1"}],"replies":[{"embeddable":true,"href":"http:\/\/www.lesnapolanaslawno.pl\/index.php\/wp-json\/wp\/v2\/comments?post=419"}],"version-history":[{"count":2,"href":"http:\/\/www.lesnapolanaslawno.pl\/index.php\/wp-json\/wp\/v2\/posts\/419\/revisions"}],"predecessor-version":[{"id":422,"href":"http:\/\/www.lesnapolanaslawno.pl\/index.php\/wp-json\/wp\/v2\/posts\/419\/revisions\/422"}],"wp:attachment":[{"href":"http:\/\/www.lesnapolanaslawno.pl\/index.php\/wp-json\/wp\/v2\/media?parent=419"}],"wp:term":[{"taxonomy":"category","embeddable":true,"href":"http:\/\/www.lesnapolanaslawno.pl\/index.php\/wp-json\/wp\/v2\/categories?post=419"},{"taxonomy":"post_tag","embeddable":true,"href":"http:\/\/www.lesnapolanaslawno.pl\/index.php\/wp-json\/wp\/v2\/tags?post=419"}],"curies":[{"name":"wp","href":"https:\/\/api.w.org\/{rel}","templated":true}]}}