{"id":412,"date":"2017-05-06T12:07:33","date_gmt":"2017-05-06T10:07:33","guid":{"rendered":"http:\/\/www.lesnapolanaslawno.pl\/?p=412"},"modified":"2017-05-06T12:07:33","modified_gmt":"2017-05-06T10:07:33","slug":"mistrzostwa-okregu-slupskiego-w-wabieniu-drapieznikow-11-lutego-2017-r","status":"publish","type":"post","link":"http:\/\/www.lesnapolanaslawno.pl\/index.php\/2017\/05\/06\/mistrzostwa-okregu-slupskiego-w-wabieniu-drapieznikow-11-lutego-2017-r\/","title":{"rendered":"MISTRZOSTWA OKR\u0118GU S\u0141UPSKIEGO W WABIENIU DRAPIE\u017bNIK\u00d3W &#8211; 11 lutego 2017 r."},"content":{"rendered":"<p>11 lutego 2017, na terenie obwodu Ko\u0142a \u0141owieckiego \u201eNowy B\u00f3r\u201d \u0141eba odby\u0142a si\u0119 si\u00f3dma edycja Okr\u0119gowych Mistrzostw w wabieniu i polowaniu na drapie\u017cniki. Mi\u0142o nam poinformowa\u0107, \u017ce nasz Kolega &#8211; \u0141ukasz Paduch zaj\u0105\u0142 2 miejsce. Gratulujemy!<\/p>\n<p>Szczeg\u00f3\u0142y na stronie: <a href=\"http:\/\/www.nowybor.pl\/\" target=\"_blank\" rel=\"noopener noreferrer\">\u201eNowy B\u00f3r\u201d \u0141eba<\/a><\/p>\n<p><a href=\"http:\/\/www.nowybor.pl\/\" target=\"_blank\" rel=\"noopener noreferrer\"><img decoding=\"async\" loading=\"lazy\" class=\"alignnone size-medium wp-image-414\" src=\"http:\/\/www.lesnapolanaslawno.pl\/wp-content\/uploads\/2017\/05\/20170211_180919-e1494065181726-300x223.jpg\" alt=\"\" width=\"300\" height=\"223\" srcset=\"http:\/\/www.lesnapolanaslawno.pl\/wp-content\/uploads\/2017\/05\/20170211_180919-e1494065181726-300x223.jpg 300w, http:\/\/www.lesnapolanaslawno.pl\/wp-content\/uploads\/2017\/05\/20170211_180919-e1494065181726-768x570.jpg 768w, http:\/\/www.lesnapolanaslawno.pl\/wp-content\/uploads\/2017\/05\/20170211_180919-e1494065181726-1024x760.jpg 1024w\" sizes=\"(max-width: 300px) 100vw, 300px\" \/><\/a><\/p>\n<p>&nbsp;<\/p>\n","protected":false},"excerpt":{"rendered":"<p>11 lutego 2017, na terenie obwodu Ko\u0142a \u0141owieckiego \u201eNowy B\u00f3r\u201d \u0141eba odby\u0142a si\u0119 si\u00f3dma edycja Okr\u0119gowych Mistrzostw w wabieniu i polowaniu na drapie\u017cniki. Mi\u0142o nam poinformowa\u0107, \u017ce nasz Kolega &#8211; \u0141ukasz Paduch zaj\u0105\u0142 2 miejsce. Gratulujemy! Szczeg\u00f3\u0142y na stronie: \u201eNowy B\u00f3r\u201d \u0141eba &nbsp;<\/p>\n","protected":false},"author":1,"featured_media":0,"comment_status":"open","ping_status":"open","sticky":false,"template":"","format":"standard","meta":[],"categories":[1],"tags":[],"yoast_head":"<!-- This site is optimized with the Yoast SEO plugin v17.1 - https:\/\/yoast.com\/wordpress\/plugins\/seo\/ -->\n<title>MISTRZOSTWA OKR\u0118GU S\u0141UPSKIEGO W WABIENIU DRAPIE\u017bNIK\u00d3W - 11 lutego 2017 r. - Ko\u0142o \u0141owieckie &quot;Le\u015bna Polana w S\u0142awnie&quot;<\/title>\n<meta name=\"robots\" content=\"index, follow, max-snippet:-1, max-image-preview:large, max-video-preview:-1\" \/>\n<link rel=\"canonical\" href=\"http:\/\/www.lesnapolanaslawno.pl\/index.php\/2017\/05\/06\/mistrzostwa-okregu-slupskiego-w-wabieniu-drapieznikow-11-lutego-2017-r\/\" \/>\n<meta property=\"og:locale\" content=\"pl_PL\" \/>\n<meta property=\"og:type\" content=\"article\" \/>\n<meta property=\"og:title\" content=\"MISTRZOSTWA OKR\u0118GU S\u0141UPSKIEGO W WABIENIU DRAPIE\u017bNIK\u00d3W - 11 lutego 2017 r. - Ko\u0142o \u0141owieckie &quot;Le\u015bna Polana w S\u0142awnie&quot;\" \/>\n<meta property=\"og:description\" content=\"11 lutego 2017, na terenie obwodu Ko\u0142a \u0141owieckiego \u201eNowy B\u00f3r\u201d \u0141eba odby\u0142a si\u0119 si\u00f3dma edycja Okr\u0119gowych Mistrzostw w wabieniu i polowaniu na drapie\u017cniki. Mi\u0142o nam poinformowa\u0107, \u017ce nasz Kolega &#8211; \u0141ukasz Paduch zaj\u0105\u0142 2 miejsce. Gratulujemy! Szczeg\u00f3\u0142y na stronie: \u201eNowy B\u00f3r\u201d \u0141eba &nbsp;\" \/>\n<meta property=\"og:url\" content=\"http:\/\/www.lesnapolanaslawno.pl\/index.php\/2017\/05\/06\/mistrzostwa-okregu-slupskiego-w-wabieniu-drapieznikow-11-lutego-2017-r\/\" \/>\n<meta property=\"og:site_name\" content=\"Ko\u0142o \u0141owieckie &quot;Le\u015bna Polana w S\u0142awnie&quot;\" \/>\n<meta property=\"article:published_time\" content=\"2017-05-06T10:07:33+00:00\" \/>\n<meta property=\"og:image\" content=\"http:\/\/www.lesnapolanaslawno.pl\/wp-content\/uploads\/2017\/05\/20170211_180919-e1494065181726-300x223.jpg\" \/>\n<meta name=\"twitter:card\" content=\"summary\" \/>\n<meta name=\"twitter:label1\" content=\"Napisane przez\" \/>\n\t<meta name=\"twitter:data1\" content=\"MarekW\" \/>\n<script type=\"application\/ld+json\" class=\"yoast-schema-graph\">{\"@context\":\"https:\/\/schema.org\",\"@graph\":[{\"@type\":\"WebSite\",\"@id\":\"https:\/\/www.lesnapolanaslawno.pl\/#website\",\"url\":\"https:\/\/www.lesnapolanaslawno.pl\/\",\"name\":\"Ko\\u0142o \\u0141owieckie &quot;Le\\u015bna Polana w S\\u0142awnie&quot;\",\"description\":\"Przybli\\u017camy tematyk\\u0119 \\u0142owieck\\u0105, informujemy cz\\u0142onk\\u00f3w ko\\u0142a o bie\\u017c\\u0105cych wydarzeniach.\",\"potentialAction\":[{\"@type\":\"SearchAction\",\"target\":{\"@type\":\"EntryPoint\",\"urlTemplate\":\"https:\/\/www.lesnapolanaslawno.pl\/?s={search_term_string}\"},\"query-input\":\"required name=search_term_string\"}],\"inLanguage\":\"pl-PL\"},{\"@type\":\"ImageObject\",\"@id\":\"http:\/\/www.lesnapolanaslawno.pl\/index.php\/2017\/05\/06\/mistrzostwa-okregu-slupskiego-w-wabieniu-drapieznikow-11-lutego-2017-r\/#primaryimage\",\"inLanguage\":\"pl-PL\",\"url\":\"http:\/\/www.lesnapolanaslawno.pl\/wp-content\/uploads\/2017\/05\/20170211_180919-e1494065181726.jpg\",\"contentUrl\":\"http:\/\/www.lesnapolanaslawno.pl\/wp-content\/uploads\/2017\/05\/20170211_180919-e1494065181726.jpg\",\"width\":3085,\"height\":2291},{\"@type\":\"WebPage\",\"@id\":\"http:\/\/www.lesnapolanaslawno.pl\/index.php\/2017\/05\/06\/mistrzostwa-okregu-slupskiego-w-wabieniu-drapieznikow-11-lutego-2017-r\/#webpage\",\"url\":\"http:\/\/www.lesnapolanaslawno.pl\/index.php\/2017\/05\/06\/mistrzostwa-okregu-slupskiego-w-wabieniu-drapieznikow-11-lutego-2017-r\/\",\"name\":\"MISTRZOSTWA OKR\\u0118GU S\\u0141UPSKIEGO W WABIENIU DRAPIE\\u017bNIK\\u00d3W - 11 lutego 2017 r. - Ko\\u0142o \\u0141owieckie &quot;Le\\u015bna Polana w S\\u0142awnie&quot;\",\"isPartOf\":{\"@id\":\"https:\/\/www.lesnapolanaslawno.pl\/#website\"},\"primaryImageOfPage\":{\"@id\":\"http:\/\/www.lesnapolanaslawno.pl\/index.php\/2017\/05\/06\/mistrzostwa-okregu-slupskiego-w-wabieniu-drapieznikow-11-lutego-2017-r\/#primaryimage\"},\"datePublished\":\"2017-05-06T10:07:33+00:00\",\"dateModified\":\"2017-05-06T10:07:33+00:00\",\"author\":{\"@id\":\"https:\/\/www.lesnapolanaslawno.pl\/#\/schema\/person\/781c6bed55c00e5f3f4be1e15b13529e\"},\"breadcrumb\":{\"@id\":\"http:\/\/www.lesnapolanaslawno.pl\/index.php\/2017\/05\/06\/mistrzostwa-okregu-slupskiego-w-wabieniu-drapieznikow-11-lutego-2017-r\/#breadcrumb\"},\"inLanguage\":\"pl-PL\",\"potentialAction\":[{\"@type\":\"ReadAction\",\"target\":[\"http:\/\/www.lesnapolanaslawno.pl\/index.php\/2017\/05\/06\/mistrzostwa-okregu-slupskiego-w-wabieniu-drapieznikow-11-lutego-2017-r\/\"]}]},{\"@type\":\"BreadcrumbList\",\"@id\":\"http:\/\/www.lesnapolanaslawno.pl\/index.php\/2017\/05\/06\/mistrzostwa-okregu-slupskiego-w-wabieniu-drapieznikow-11-lutego-2017-r\/#breadcrumb\",\"itemListElement\":[{\"@type\":\"ListItem\",\"position\":1,\"name\":\"Strona g\\u0142\\u00f3wna\",\"item\":\"https:\/\/www.lesnapolanaslawno.pl\/\"},{\"@type\":\"ListItem\",\"position\":2,\"name\":\"MISTRZOSTWA OKR\\u0118GU S\\u0141UPSKIEGO W WABIENIU DRAPIE\\u017bNIK\\u00d3W &#8211; 11 lutego 2017 r.\"}]},{\"@type\":\"Person\",\"@id\":\"https:\/\/www.lesnapolanaslawno.pl\/#\/schema\/person\/781c6bed55c00e5f3f4be1e15b13529e\",\"name\":\"MarekW\",\"image\":{\"@type\":\"ImageObject\",\"@id\":\"https:\/\/www.lesnapolanaslawno.pl\/#personlogo\",\"inLanguage\":\"pl-PL\",\"url\":\"http:\/\/1.gravatar.com\/avatar\/a6283fef10522677d3949a6d1469d59b?s=96&d=mm&r=g\",\"contentUrl\":\"http:\/\/1.gravatar.com\/avatar\/a6283fef10522677d3949a6d1469d59b?s=96&d=mm&r=g\",\"caption\":\"MarekW\"}}]}<\/script>\n<!-- \/ Yoast SEO plugin. -->","yoast_head_json":{"title":"MISTRZOSTWA OKR\u0118GU S\u0141UPSKIEGO W WABIENIU DRAPIE\u017bNIK\u00d3W - 11 lutego 2017 r. - Ko\u0142o \u0141owieckie &quot;Le\u015bna Polana w S\u0142awnie&quot;","robots":{"index":"index","follow":"follow","max-snippet":"max-snippet:-1","max-image-preview":"max-image-preview:large","max-video-preview":"max-video-preview:-1"},"canonical":"http:\/\/www.lesnapolanaslawno.pl\/index.php\/2017\/05\/06\/mistrzostwa-okregu-slupskiego-w-wabieniu-drapieznikow-11-lutego-2017-r\/","og_locale":"pl_PL","og_type":"article","og_title":"MISTRZOSTWA OKR\u0118GU S\u0141UPSKIEGO W WABIENIU DRAPIE\u017bNIK\u00d3W - 11 lutego 2017 r. - Ko\u0142o \u0141owieckie &quot;Le\u015bna Polana w S\u0142awnie&quot;","og_description":"11 lutego 2017, na terenie obwodu Ko\u0142a \u0141owieckiego \u201eNowy B\u00f3r\u201d \u0141eba odby\u0142a si\u0119 si\u00f3dma edycja Okr\u0119gowych Mistrzostw w wabieniu i polowaniu na drapie\u017cniki. Mi\u0142o nam poinformowa\u0107, \u017ce nasz Kolega &#8211; \u0141ukasz Paduch zaj\u0105\u0142 2 miejsce. Gratulujemy! Szczeg\u00f3\u0142y na stronie: \u201eNowy B\u00f3r\u201d \u0141eba &nbsp;","og_url":"http:\/\/www.lesnapolanaslawno.pl\/index.php\/2017\/05\/06\/mistrzostwa-okregu-slupskiego-w-wabieniu-drapieznikow-11-lutego-2017-r\/","og_site_name":"Ko\u0142o \u0141owieckie &quot;Le\u015bna Polana w S\u0142awnie&quot;","article_published_time":"2017-05-06T10:07:33+00:00","og_image":[{"url":"http:\/\/www.lesnapolanaslawno.pl\/wp-content\/uploads\/2017\/05\/20170211_180919-e1494065181726-300x223.jpg"}],"twitter_card":"summary","twitter_misc":{"Napisane przez":"MarekW"},"schema":{"@context":"https:\/\/schema.org","@graph":[{"@type":"WebSite","@id":"https:\/\/www.lesnapolanaslawno.pl\/#website","url":"https:\/\/www.lesnapolanaslawno.pl\/","name":"Ko\u0142o \u0141owieckie &quot;Le\u015bna Polana w S\u0142awnie&quot;","description":"Przybli\u017camy tematyk\u0119 \u0142owieck\u0105, informujemy cz\u0142onk\u00f3w ko\u0142a o bie\u017c\u0105cych wydarzeniach.","potentialAction":[{"@type":"SearchAction","target":{"@type":"EntryPoint","urlTemplate":"https:\/\/www.lesnapolanaslawno.pl\/?s={search_term_string}"},"query-input":"required name=search_term_string"}],"inLanguage":"pl-PL"},{"@type":"ImageObject","@id":"http:\/\/www.lesnapolanaslawno.pl\/index.php\/2017\/05\/06\/mistrzostwa-okregu-slupskiego-w-wabieniu-drapieznikow-11-lutego-2017-r\/#primaryimage","inLanguage":"pl-PL","url":"http:\/\/www.lesnapolanaslawno.pl\/wp-content\/uploads\/2017\/05\/20170211_180919-e1494065181726.jpg","contentUrl":"http:\/\/www.lesnapolanaslawno.pl\/wp-content\/uploads\/2017\/05\/20170211_180919-e1494065181726.jpg","width":3085,"height":2291},{"@type":"WebPage","@id":"http:\/\/www.lesnapolanaslawno.pl\/index.php\/2017\/05\/06\/mistrzostwa-okregu-slupskiego-w-wabieniu-drapieznikow-11-lutego-2017-r\/#webpage","url":"http:\/\/www.lesnapolanaslawno.pl\/index.php\/2017\/05\/06\/mistrzostwa-okregu-slupskiego-w-wabieniu-drapieznikow-11-lutego-2017-r\/","name":"MISTRZOSTWA OKR\u0118GU S\u0141UPSKIEGO W WABIENIU DRAPIE\u017bNIK\u00d3W - 11 lutego 2017 r. - Ko\u0142o \u0141owieckie &quot;Le\u015bna Polana w S\u0142awnie&quot;","isPartOf":{"@id":"https:\/\/www.lesnapolanaslawno.pl\/#website"},"primaryImageOfPage":{"@id":"http:\/\/www.lesnapolanaslawno.pl\/index.php\/2017\/05\/06\/mistrzostwa-okregu-slupskiego-w-wabieniu-drapieznikow-11-lutego-2017-r\/#primaryimage"},"datePublished":"2017-05-06T10:07:33+00:00","dateModified":"2017-05-06T10:07:33+00:00","author":{"@id":"https:\/\/www.lesnapolanaslawno.pl\/#\/schema\/person\/781c6bed55c00e5f3f4be1e15b13529e"},"breadcrumb":{"@id":"http:\/\/www.lesnapolanaslawno.pl\/index.php\/2017\/05\/06\/mistrzostwa-okregu-slupskiego-w-wabieniu-drapieznikow-11-lutego-2017-r\/#breadcrumb"},"inLanguage":"pl-PL","potentialAction":[{"@type":"ReadAction","target":["http:\/\/www.lesnapolanaslawno.pl\/index.php\/2017\/05\/06\/mistrzostwa-okregu-slupskiego-w-wabieniu-drapieznikow-11-lutego-2017-r\/"]}]},{"@type":"BreadcrumbList","@id":"http:\/\/www.lesnapolanaslawno.pl\/index.php\/2017\/05\/06\/mistrzostwa-okregu-slupskiego-w-wabieniu-drapieznikow-11-lutego-2017-r\/#breadcrumb","itemListElement":[{"@type":"ListItem","position":1,"name":"Strona g\u0142\u00f3wna","item":"https:\/\/www.lesnapolanaslawno.pl\/"},{"@type":"ListItem","position":2,"name":"MISTRZOSTWA OKR\u0118GU S\u0141UPSKIEGO W WABIENIU DRAPIE\u017bNIK\u00d3W &#8211; 11 lutego 2017 r."}]},{"@type":"Person","@id":"https:\/\/www.lesnapolanaslawno.pl\/#\/schema\/person\/781c6bed55c00e5f3f4be1e15b13529e","name":"MarekW","image":{"@type":"ImageObject","@id":"https:\/\/www.lesnapolanaslawno.pl\/#personlogo","inLanguage":"pl-PL","url":"http:\/\/1.gravatar.com\/avatar\/a6283fef10522677d3949a6d1469d59b?s=96&d=mm&r=g","contentUrl":"http:\/\/1.gravatar.com\/avatar\/a6283fef10522677d3949a6d1469d59b?s=96&d=mm&r=g","caption":"MarekW"}}]}},"amp_enabled":true,"_links":{"self":[{"href":"http:\/\/www.lesnapolanaslawno.pl\/index.php\/wp-json\/wp\/v2\/posts\/412"}],"collection":[{"href":"http:\/\/www.lesnapolanaslawno.pl\/index.php\/wp-json\/wp\/v2\/posts"}],"about":[{"href":"http:\/\/www.lesnapolanaslawno.pl\/index.php\/wp-json\/wp\/v2\/types\/post"}],"author":[{"embeddable":true,"href":"http:\/\/www.lesnapolanaslawno.pl\/index.php\/wp-json\/wp\/v2\/users\/1"}],"replies":[{"embeddable":true,"href":"http:\/\/www.lesnapolanaslawno.pl\/index.php\/wp-json\/wp\/v2\/comments?post=412"}],"version-history":[{"count":4,"href":"http:\/\/www.lesnapolanaslawno.pl\/index.php\/wp-json\/wp\/v2\/posts\/412\/revisions"}],"predecessor-version":[{"id":417,"href":"http:\/\/www.lesnapolanaslawno.pl\/index.php\/wp-json\/wp\/v2\/posts\/412\/revisions\/417"}],"wp:attachment":[{"href":"http:\/\/www.lesnapolanaslawno.pl\/index.php\/wp-json\/wp\/v2\/media?parent=412"}],"wp:term":[{"taxonomy":"category","embeddable":true,"href":"http:\/\/www.lesnapolanaslawno.pl\/index.php\/wp-json\/wp\/v2\/categories?post=412"},{"taxonomy":"post_tag","embeddable":true,"href":"http:\/\/www.lesnapolanaslawno.pl\/index.php\/wp-json\/wp\/v2\/tags?post=412"}],"curies":[{"name":"wp","href":"https:\/\/api.w.org\/{rel}","templated":true}]}}