{"id":313,"date":"2016-12-11T11:30:42","date_gmt":"2016-12-11T10:30:42","guid":{"rendered":"http:\/\/www.lesnapolanaslawno.pl\/?p=313"},"modified":"2016-12-11T11:30:42","modified_gmt":"2016-12-11T10:30:42","slug":"polowanie-wigilijne","status":"publish","type":"post","link":"http:\/\/www.lesnapolanaslawno.pl\/index.php\/2016\/12\/11\/polowanie-wigilijne\/","title":{"rendered":"POLOWANIE WIGILIJNE"},"content":{"rendered":"<p>Ju\u017c za tydzie\u0144 spotykamy si\u0119 na tradycyjnym polowaniu wigilijnym. Mam nadziej\u0119, \u017ce 17 grudnia o 7:30 w Tychowie stawimy si\u0119 licznie!<br \/>\nNie zapomnijcie zabra\u0107 ze sob\u0105 &#8222;pocz\u0119stunku&#8221; dla naszego zwierzostanu. Do zobaczenia w przysz\u0142\u0105 niedziel\u0119, Darz B\u00f3r!<\/p>\n","protected":false},"excerpt":{"rendered":"<p>Ju\u017c za tydzie\u0144 spotykamy si\u0119 na tradycyjnym polowaniu wigilijnym. Mam nadziej\u0119, \u017ce 17 grudnia o 7:30 w Tychowie stawimy si\u0119 licznie! Nie zapomnijcie zabra\u0107 ze sob\u0105 &#8222;pocz\u0119stunku&#8221; dla naszego zwierzostanu. Do zobaczenia w przysz\u0142\u0105 niedziel\u0119, Darz B\u00f3r!<\/p>\n","protected":false},"author":1,"featured_media":314,"comment_status":"open","ping_status":"open","sticky":false,"template":"","format":"standard","meta":[],"categories":[1],"tags":[],"yoast_head":"<!-- This site is optimized with the Yoast SEO plugin v17.1 - https:\/\/yoast.com\/wordpress\/plugins\/seo\/ -->\n<title>POLOWANIE WIGILIJNE - Ko\u0142o \u0141owieckie &quot;Le\u015bna Polana w S\u0142awnie&quot;<\/title>\n<meta name=\"robots\" content=\"index, follow, max-snippet:-1, max-image-preview:large, max-video-preview:-1\" \/>\n<link rel=\"canonical\" href=\"http:\/\/www.lesnapolanaslawno.pl\/index.php\/2016\/12\/11\/polowanie-wigilijne\/\" \/>\n<meta property=\"og:locale\" content=\"pl_PL\" \/>\n<meta property=\"og:type\" content=\"article\" \/>\n<meta property=\"og:title\" content=\"POLOWANIE WIGILIJNE - Ko\u0142o \u0141owieckie &quot;Le\u015bna Polana w S\u0142awnie&quot;\" \/>\n<meta property=\"og:description\" content=\"Ju\u017c za tydzie\u0144 spotykamy si\u0119 na tradycyjnym polowaniu wigilijnym. Mam nadziej\u0119, \u017ce 17 grudnia o 7:30 w Tychowie stawimy si\u0119 licznie! Nie zapomnijcie zabra\u0107 ze sob\u0105 &#8222;pocz\u0119stunku&#8221; dla naszego zwierzostanu. Do zobaczenia w przysz\u0142\u0105 niedziel\u0119, Darz B\u00f3r!\" \/>\n<meta property=\"og:url\" content=\"http:\/\/www.lesnapolanaslawno.pl\/index.php\/2016\/12\/11\/polowanie-wigilijne\/\" \/>\n<meta property=\"og:site_name\" content=\"Ko\u0142o \u0141owieckie &quot;Le\u015bna Polana w S\u0142awnie&quot;\" \/>\n<meta property=\"article:published_time\" content=\"2016-12-11T10:30:42+00:00\" \/>\n<meta property=\"og:image\" content=\"http:\/\/www.lesnapolanaslawno.pl\/wp-content\/uploads\/2016\/12\/Polowanie-wigilijne-19-12-2015-2.jpg\" \/>\n\t<meta property=\"og:image:width\" content=\"3493\" \/>\n\t<meta property=\"og:image:height\" content=\"1529\" \/>\n<meta name=\"twitter:card\" content=\"summary\" \/>\n<meta name=\"twitter:label1\" content=\"Napisane przez\" \/>\n\t<meta name=\"twitter:data1\" content=\"MarekW\" \/>\n<script type=\"application\/ld+json\" class=\"yoast-schema-graph\">{\"@context\":\"https:\/\/schema.org\",\"@graph\":[{\"@type\":\"WebSite\",\"@id\":\"https:\/\/www.lesnapolanaslawno.pl\/#website\",\"url\":\"https:\/\/www.lesnapolanaslawno.pl\/\",\"name\":\"Ko\\u0142o \\u0141owieckie &quot;Le\\u015bna Polana w S\\u0142awnie&quot;\",\"description\":\"Przybli\\u017camy tematyk\\u0119 \\u0142owieck\\u0105, informujemy cz\\u0142onk\\u00f3w ko\\u0142a o bie\\u017c\\u0105cych wydarzeniach.\",\"potentialAction\":[{\"@type\":\"SearchAction\",\"target\":{\"@type\":\"EntryPoint\",\"urlTemplate\":\"https:\/\/www.lesnapolanaslawno.pl\/?s={search_term_string}\"},\"query-input\":\"required name=search_term_string\"}],\"inLanguage\":\"pl-PL\"},{\"@type\":\"ImageObject\",\"@id\":\"http:\/\/www.lesnapolanaslawno.pl\/index.php\/2016\/12\/11\/polowanie-wigilijne\/#primaryimage\",\"inLanguage\":\"pl-PL\",\"url\":\"http:\/\/www.lesnapolanaslawno.pl\/wp-content\/uploads\/2016\/12\/Polowanie-wigilijne-19-12-2015-2.jpg\",\"contentUrl\":\"http:\/\/www.lesnapolanaslawno.pl\/wp-content\/uploads\/2016\/12\/Polowanie-wigilijne-19-12-2015-2.jpg\",\"width\":3493,\"height\":1529},{\"@type\":\"WebPage\",\"@id\":\"http:\/\/www.lesnapolanaslawno.pl\/index.php\/2016\/12\/11\/polowanie-wigilijne\/#webpage\",\"url\":\"http:\/\/www.lesnapolanaslawno.pl\/index.php\/2016\/12\/11\/polowanie-wigilijne\/\",\"name\":\"POLOWANIE WIGILIJNE - Ko\\u0142o \\u0141owieckie &quot;Le\\u015bna Polana w S\\u0142awnie&quot;\",\"isPartOf\":{\"@id\":\"https:\/\/www.lesnapolanaslawno.pl\/#website\"},\"primaryImageOfPage\":{\"@id\":\"http:\/\/www.lesnapolanaslawno.pl\/index.php\/2016\/12\/11\/polowanie-wigilijne\/#primaryimage\"},\"datePublished\":\"2016-12-11T10:30:42+00:00\",\"dateModified\":\"2016-12-11T10:30:42+00:00\",\"author\":{\"@id\":\"https:\/\/www.lesnapolanaslawno.pl\/#\/schema\/person\/781c6bed55c00e5f3f4be1e15b13529e\"},\"breadcrumb\":{\"@id\":\"http:\/\/www.lesnapolanaslawno.pl\/index.php\/2016\/12\/11\/polowanie-wigilijne\/#breadcrumb\"},\"inLanguage\":\"pl-PL\",\"potentialAction\":[{\"@type\":\"ReadAction\",\"target\":[\"http:\/\/www.lesnapolanaslawno.pl\/index.php\/2016\/12\/11\/polowanie-wigilijne\/\"]}]},{\"@type\":\"BreadcrumbList\",\"@id\":\"http:\/\/www.lesnapolanaslawno.pl\/index.php\/2016\/12\/11\/polowanie-wigilijne\/#breadcrumb\",\"itemListElement\":[{\"@type\":\"ListItem\",\"position\":1,\"name\":\"Strona g\\u0142\\u00f3wna\",\"item\":\"https:\/\/www.lesnapolanaslawno.pl\/\"},{\"@type\":\"ListItem\",\"position\":2,\"name\":\"POLOWANIE WIGILIJNE\"}]},{\"@type\":\"Person\",\"@id\":\"https:\/\/www.lesnapolanaslawno.pl\/#\/schema\/person\/781c6bed55c00e5f3f4be1e15b13529e\",\"name\":\"MarekW\",\"image\":{\"@type\":\"ImageObject\",\"@id\":\"https:\/\/www.lesnapolanaslawno.pl\/#personlogo\",\"inLanguage\":\"pl-PL\",\"url\":\"http:\/\/1.gravatar.com\/avatar\/a6283fef10522677d3949a6d1469d59b?s=96&d=mm&r=g\",\"contentUrl\":\"http:\/\/1.gravatar.com\/avatar\/a6283fef10522677d3949a6d1469d59b?s=96&d=mm&r=g\",\"caption\":\"MarekW\"}}]}<\/script>\n<!-- \/ Yoast SEO plugin. -->","yoast_head_json":{"title":"POLOWANIE WIGILIJNE - Ko\u0142o \u0141owieckie &quot;Le\u015bna Polana w S\u0142awnie&quot;","robots":{"index":"index","follow":"follow","max-snippet":"max-snippet:-1","max-image-preview":"max-image-preview:large","max-video-preview":"max-video-preview:-1"},"canonical":"http:\/\/www.lesnapolanaslawno.pl\/index.php\/2016\/12\/11\/polowanie-wigilijne\/","og_locale":"pl_PL","og_type":"article","og_title":"POLOWANIE WIGILIJNE - Ko\u0142o \u0141owieckie &quot;Le\u015bna Polana w S\u0142awnie&quot;","og_description":"Ju\u017c za tydzie\u0144 spotykamy si\u0119 na tradycyjnym polowaniu wigilijnym. Mam nadziej\u0119, \u017ce 17 grudnia o 7:30 w Tychowie stawimy si\u0119 licznie! Nie zapomnijcie zabra\u0107 ze sob\u0105 &#8222;pocz\u0119stunku&#8221; dla naszego zwierzostanu. Do zobaczenia w przysz\u0142\u0105 niedziel\u0119, Darz B\u00f3r!","og_url":"http:\/\/www.lesnapolanaslawno.pl\/index.php\/2016\/12\/11\/polowanie-wigilijne\/","og_site_name":"Ko\u0142o \u0141owieckie &quot;Le\u015bna Polana w S\u0142awnie&quot;","article_published_time":"2016-12-11T10:30:42+00:00","og_image":[{"width":3493,"height":1529,"url":"http:\/\/www.lesnapolanaslawno.pl\/wp-content\/uploads\/2016\/12\/Polowanie-wigilijne-19-12-2015-2.jpg","path":"\/home\/lesnapolkj\/www\/wp-content\/uploads\/2016\/12\/Polowanie-wigilijne-19-12-2015-2.jpg","size":"full","id":314,"alt":"","pixels":5340797,"type":"image\/jpeg"}],"twitter_card":"summary","twitter_misc":{"Napisane przez":"MarekW"},"schema":{"@context":"https:\/\/schema.org","@graph":[{"@type":"WebSite","@id":"https:\/\/www.lesnapolanaslawno.pl\/#website","url":"https:\/\/www.lesnapolanaslawno.pl\/","name":"Ko\u0142o \u0141owieckie &quot;Le\u015bna Polana w S\u0142awnie&quot;","description":"Przybli\u017camy tematyk\u0119 \u0142owieck\u0105, informujemy cz\u0142onk\u00f3w ko\u0142a o bie\u017c\u0105cych wydarzeniach.","potentialAction":[{"@type":"SearchAction","target":{"@type":"EntryPoint","urlTemplate":"https:\/\/www.lesnapolanaslawno.pl\/?s={search_term_string}"},"query-input":"required name=search_term_string"}],"inLanguage":"pl-PL"},{"@type":"ImageObject","@id":"http:\/\/www.lesnapolanaslawno.pl\/index.php\/2016\/12\/11\/polowanie-wigilijne\/#primaryimage","inLanguage":"pl-PL","url":"http:\/\/www.lesnapolanaslawno.pl\/wp-content\/uploads\/2016\/12\/Polowanie-wigilijne-19-12-2015-2.jpg","contentUrl":"http:\/\/www.lesnapolanaslawno.pl\/wp-content\/uploads\/2016\/12\/Polowanie-wigilijne-19-12-2015-2.jpg","width":3493,"height":1529},{"@type":"WebPage","@id":"http:\/\/www.lesnapolanaslawno.pl\/index.php\/2016\/12\/11\/polowanie-wigilijne\/#webpage","url":"http:\/\/www.lesnapolanaslawno.pl\/index.php\/2016\/12\/11\/polowanie-wigilijne\/","name":"POLOWANIE WIGILIJNE - Ko\u0142o \u0141owieckie &quot;Le\u015bna Polana w S\u0142awnie&quot;","isPartOf":{"@id":"https:\/\/www.lesnapolanaslawno.pl\/#website"},"primaryImageOfPage":{"@id":"http:\/\/www.lesnapolanaslawno.pl\/index.php\/2016\/12\/11\/polowanie-wigilijne\/#primaryimage"},"datePublished":"2016-12-11T10:30:42+00:00","dateModified":"2016-12-11T10:30:42+00:00","author":{"@id":"https:\/\/www.lesnapolanaslawno.pl\/#\/schema\/person\/781c6bed55c00e5f3f4be1e15b13529e"},"breadcrumb":{"@id":"http:\/\/www.lesnapolanaslawno.pl\/index.php\/2016\/12\/11\/polowanie-wigilijne\/#breadcrumb"},"inLanguage":"pl-PL","potentialAction":[{"@type":"ReadAction","target":["http:\/\/www.lesnapolanaslawno.pl\/index.php\/2016\/12\/11\/polowanie-wigilijne\/"]}]},{"@type":"BreadcrumbList","@id":"http:\/\/www.lesnapolanaslawno.pl\/index.php\/2016\/12\/11\/polowanie-wigilijne\/#breadcrumb","itemListElement":[{"@type":"ListItem","position":1,"name":"Strona g\u0142\u00f3wna","item":"https:\/\/www.lesnapolanaslawno.pl\/"},{"@type":"ListItem","position":2,"name":"POLOWANIE WIGILIJNE"}]},{"@type":"Person","@id":"https:\/\/www.lesnapolanaslawno.pl\/#\/schema\/person\/781c6bed55c00e5f3f4be1e15b13529e","name":"MarekW","image":{"@type":"ImageObject","@id":"https:\/\/www.lesnapolanaslawno.pl\/#personlogo","inLanguage":"pl-PL","url":"http:\/\/1.gravatar.com\/avatar\/a6283fef10522677d3949a6d1469d59b?s=96&d=mm&r=g","contentUrl":"http:\/\/1.gravatar.com\/avatar\/a6283fef10522677d3949a6d1469d59b?s=96&d=mm&r=g","caption":"MarekW"}}]}},"amp_enabled":true,"_links":{"self":[{"href":"http:\/\/www.lesnapolanaslawno.pl\/index.php\/wp-json\/wp\/v2\/posts\/313"}],"collection":[{"href":"http:\/\/www.lesnapolanaslawno.pl\/index.php\/wp-json\/wp\/v2\/posts"}],"about":[{"href":"http:\/\/www.lesnapolanaslawno.pl\/index.php\/wp-json\/wp\/v2\/types\/post"}],"author":[{"embeddable":true,"href":"http:\/\/www.lesnapolanaslawno.pl\/index.php\/wp-json\/wp\/v2\/users\/1"}],"replies":[{"embeddable":true,"href":"http:\/\/www.lesnapolanaslawno.pl\/index.php\/wp-json\/wp\/v2\/comments?post=313"}],"version-history":[{"count":1,"href":"http:\/\/www.lesnapolanaslawno.pl\/index.php\/wp-json\/wp\/v2\/posts\/313\/revisions"}],"predecessor-version":[{"id":315,"href":"http:\/\/www.lesnapolanaslawno.pl\/index.php\/wp-json\/wp\/v2\/posts\/313\/revisions\/315"}],"wp:featuredmedia":[{"embeddable":true,"href":"http:\/\/www.lesnapolanaslawno.pl\/index.php\/wp-json\/wp\/v2\/media\/314"}],"wp:attachment":[{"href":"http:\/\/www.lesnapolanaslawno.pl\/index.php\/wp-json\/wp\/v2\/media?parent=313"}],"wp:term":[{"taxonomy":"category","embeddable":true,"href":"http:\/\/www.lesnapolanaslawno.pl\/index.php\/wp-json\/wp\/v2\/categories?post=313"},{"taxonomy":"post_tag","embeddable":true,"href":"http:\/\/www.lesnapolanaslawno.pl\/index.php\/wp-json\/wp\/v2\/tags?post=313"}],"curies":[{"name":"wp","href":"https:\/\/api.w.org\/{rel}","templated":true}]}}